{"id":39033,"date":"2021-12-10T18:25:33","date_gmt":"2021-12-11T00:25:33","guid":{"rendered":"http:\/\/www.inter-accion.com.mx\/?p=38868"},"modified":"2021-12-10T18:25:33","modified_gmt":"2021-12-11T00:25:33","slug":"38868","status":"publish","type":"post","link":"https:\/\/www.interaccionnoticias.com.mx\/?p=39033","title":{"rendered":"Federaci\u00f3n y Estado fortalecen el sistema de Salud de Guerrero a trav\u00e9s de la contrataci\u00f3n de m\u00e1s profesionales del \u00e1rea"},"content":{"rendered":"\n<p><strong><em>&#8211; Celebra la gobernadora la segunda etapa de incorporaci\u00f3n de 312 nuevos m\u00e9dicos, enfermeras y profesionistas de ramas afines<br>&#8211; Se busca consolidar un sistema de salud con calidad, calidez e inclusi\u00f3n, destaca Evelyn Salgado<\/em><\/strong><\/p>\n\n\n\n<p><strong>Acapulco, Guerrero., 10 de diciembre de 2021.- <\/strong>Con el prop\u00f3sito de fortalecer la atenci\u00f3n m\u00e9dica en las siete regiones de la entidad, la gobernadora Evelyn Salgado Pineda celebr\u00f3 la contrataci\u00f3n de 312 nuevos profesionales en el \u00e1rea, quienes a trav\u00e9s del Instituto de Salud para el Bienestar (Insabi) permitir\u00e1n dar un paso m\u00e1s en la consolidaci\u00f3n de un sistema de Salud con calidad, calidez, pero sobre todo, inclusivo.<\/p>\n\n\n\n<p>Teniendo como marco el auditorio del Parque Papagayo en Acapulco, la gobernadora detall\u00f3 que este logro significa la integraci\u00f3n de 241 enfermeras, 58 m\u00e9dicos y 13 profesionales de ramas afines, dando un total de 312 contratados en una segunda etapa, beneficio para el cuidado de la salud de las y los guerrerenses.<\/p>\n\n\n\n<p>Resalt\u00f3 que por lo menos, hay 16 profesionistas que hablan alguna de las lenguas originarias de Guerrero, por lo que en esta transformaci\u00f3n del sistema de Salud, todos van a recibir una atenci\u00f3n de manera adecuada, integral e incluyente.<\/p>\n\n\n\n<p>\u201cEstamos hablando de un apoyo integral a todas y cada una las regiones de nuestro Estado de Guerrero y un paso m\u00e1s en la consolidaci\u00f3n de un sistema de salud con calidad y con calidez, sobre todo porque algunos de los profesionales m\u00e9dicos contratados, al parecer son 16, hablan n\u00e1huatl, mixteco, tlapaneco y amuzgo; para dejar claro que en esta transformaci\u00f3n nadie se va a quedar atr\u00e1s\u201d, se\u00f1al\u00f3.<\/p>\n\n\n\n<p>Junto al secretario de Salud federal, Jorge Alcocer Varela y el director general del Insabi, Juan Antonio Ferrer Aguilar, la gobernadora dijo que este pacto de colaboraci\u00f3n entre el estado y la federaci\u00f3n, permitir\u00e1 que Guerrero pueda superar todos los obst\u00e1culos y retos que se puedan presentar.<\/p>\n\n\n\n<p>En este sentido, tambi\u00e9n reconoci\u00f3 la labor de todo el personal m\u00e9dico, destacando el agradecimiento por su entrega y compromiso a favor de la salud de las y los guerrerenses.<\/p>\n\n\n\n<p>En tanto que el titular de Salud federal dijo que a trav\u00e9s de estas acciones, se logran sentar las bases de acci\u00f3n y fortalecimiento del sistema de Salud, buscando la reorientaci\u00f3n de los servicios a trav\u00e9s de temas de prevenci\u00f3n en la atenci\u00f3n primaria.<\/p>\n\n\n\n<p>\u201cEsto es para m\u00ed un motivo de algarab\u00eda, de orgullo, estar hoy con ustedes nuevamente, de unirse todos ustedes a una nueva transformaci\u00f3n\u201d, dijo.<\/p>\n\n\n\n<p>Durante su participaci\u00f3n, el director del Insabi explic\u00f3 que la parte prioritaria es la dotaci\u00f3n de un equipo m\u00e9dico en cada uno de los 962 centros de salud de la entidad, conformado por un m\u00e9dico, una enfermera y un promotor de la salud.<\/p>\n\n\n\n<p>Adem\u00e1s, destac\u00f3 la coordinaci\u00f3n que existe entre el estado y la federaci\u00f3n, para poder consolidar este trabajo conjunto, remarcando la alianza con la gobernadora Evelyn Salgado y su equipo de trabajo.<\/p>\n\n\n\n<p>\u201cQuienes han sido los mejores aliados son, la gobernadora Evelyn Salgado y la secretaria de salud. Todo lo que estamos haciendo, lo estamos haciendo a nivel del gobierno federal en plena coordinaci\u00f3n con el gobierno del estado\u201d, enfatiz\u00f3.<\/p>\n\n\n\n<p>Asimismo indic\u00f3 que en esta nueva din\u00e1mica, se podr\u00e1 dar atenci\u00f3n a las personas que hablan las distintas lenguas originarias. Y a\u00f1adi\u00f3: \u201cEstamos orgullosos de que est\u00e9n aqu\u00ed, vamos a hacer nuestro mejor esfuerzo, para que ustedes cuenten con todas las herramientas para la atenci\u00f3n que merece el pueblo de M\u00e9xico\u201d.<\/p>\n\n\n\n<p>A nombre de los beneficiarios, la enfermera Rosal\u00eda Rojas Pineda ofreci\u00f3 un mensaje en la lengua amuzga y el m\u00e9dico Juan Carlos Cristino Lira hizo lo propio en la lengua n\u00e1huatl. En tanto que la enfermera Hermelinda Camarillo Rojas habl\u00f3 del orgullo que siente al ser parte de este esfuerzo a favor de los guerrerenses.<\/p>\n\n\n\n<p>En el evento estuvo presente la secretaria de Salud estatal, Aid\u00e9 Ibarez Castro; as\u00ed como funcionarios del sector a nivel federal y del estado.<\/p>\n","protected":false},"excerpt":{"rendered":"<p>&#8211; Celebra la gobernadora la segunda etapa de incorporaci\u00f3n de 312 nuevos m\u00e9dicos, enfermeras y profesionistas de ramas afines&#8211; Se busca consolidar un sistema de salud con calidad, calidez e&hellip; <\/p>\n","protected":false},"author":19,"featured_media":39023,"comment_status":"open","ping_status":"open","sticky":false,"template":"","format":"standard","meta":{"fifu_image_url":"","fifu_image_alt":"","footnotes":""},"categories":[11],"tags":[],"class_list":["post-39033","post","type-post","status-publish","format-standard","has-post-thumbnail","hentry","category-guerrero"],"_links":{"self":[{"href":"https:\/\/www.interaccionnoticias.com.mx\/index.php?rest_route=\/wp\/v2\/posts\/39033","targetHints":{"allow":["GET"]}}],"collection":[{"href":"https:\/\/www.interaccionnoticias.com.mx\/index.php?rest_route=\/wp\/v2\/posts"}],"about":[{"href":"https:\/\/www.interaccionnoticias.com.mx\/index.php?rest_route=\/wp\/v2\/types\/post"}],"author":[{"embeddable":true,"href":"https:\/\/www.interaccionnoticias.com.mx\/index.php?rest_route=\/wp\/v2\/users\/19"}],"replies":[{"embeddable":true,"href":"https:\/\/www.interaccionnoticias.com.mx\/index.php?rest_route=%2Fwp%2Fv2%2Fcomments&post=39033"}],"version-history":[{"count":0,"href":"https:\/\/www.interaccionnoticias.com.mx\/index.php?rest_route=\/wp\/v2\/posts\/39033\/revisions"}],"wp:featuredmedia":[{"embeddable":true,"href":"https:\/\/www.interaccionnoticias.com.mx\/index.php?rest_route=\/wp\/v2\/media\/39023"}],"wp:attachment":[{"href":"https:\/\/www.interaccionnoticias.com.mx\/index.php?rest_route=%2Fwp%2Fv2%2Fmedia&parent=39033"}],"wp:term":[{"taxonomy":"category","embeddable":true,"href":"https:\/\/www.interaccionnoticias.com.mx\/index.php?rest_route=%2Fwp%2Fv2%2Fcategories&post=39033"},{"taxonomy":"post_tag","embeddable":true,"href":"https:\/\/www.interaccionnoticias.com.mx\/index.php?rest_route=%2Fwp%2Fv2%2Ftags&post=39033"}],"curies":[{"name":"wp","href":"https:\/\/api.w.org\/{rel}","templated":true}]}}