{"id":3903,"date":"2017-04-30T21:49:22","date_gmt":"2017-05-01T02:49:22","guid":{"rendered":"http:\/\/www.inter-accion.com.mx\/?p=3903"},"modified":"2017-04-30T21:49:22","modified_gmt":"2017-05-01T02:49:22","slug":"reclaman-maestros-suficientes-para-comunidad-de-cochoapa-el-grande","status":"publish","type":"post","link":"https:\/\/www.interaccionnoticias.com.mx\/?p=3903","title":{"rendered":"Reclaman maestros suficientes para comunidad de Cochoapa El Grande"},"content":{"rendered":"<p>Aunque los padres de familia han requerido el env\u00edo de personal docente, hasta el momento no hay maestros suficientes para atender a la comunidad ind\u00edgena de El Coyul, municipio de Cochoapa el Grande.<br \/>\nCochoapa es considerado el municipio m\u00e1s pobre del pa\u00eds, luego de segregarse de Metlat\u00f3noc, ambos ubicados en la parte alta de la regi\u00f3n Monta\u00f1a.<br \/>\nDesde hace un par de a\u00f1os, los padres de familia y directivos han solicitado el env\u00edo de personal docente suficiente en el Centro de Educaci\u00f3n Preescolar Ind\u00edgena \u201c30 de abril\u201d , as\u00ed como en la primaria Federal Biling\u00fce \u201cIgnacio Manuel Altamirano\u201d, que son los \u00fanicos centros educativos con los que cuenta dicha localidad.<br \/>\nEn ambos casos se enfrenta un problema de sobrepoblaci\u00f3n, de tal manera que el personal docente es insuficiente y no cuentan con la infraestructura necesaria para garantizar a las ni\u00f1as y ni\u00f1os Na savi su derecho a la educaci\u00f3n.<br \/>\nEl Centro de Derechos Humanos de la Monta\u00f1a (CDHM), Tlachinollan, se\u00f1al\u00f3 que en diferentes momentos, madres, padres de familia y autoridades comunitarias han solicitado a la Secretar\u00eda de Educaci\u00f3n de Guerrero (SEG) que tome las acciones encaminadas a garantizar de manera efectiva dicho derecho.<br \/>\nSin embargo, Abel Barrera Hern\u00e1ndez, director del CDHM reprocha que hasta el momento, la SEG no haya hecho nada.<br \/>\nEl 16 de noviembre de 2016, autoridades municipales y la Asociaci\u00f3n del Comit\u00e9 de Madres y Padres de Familia del Preescolar \u201c30 de abril\u201d y representantes de la Asociaci\u00f3n del Comit\u00e9 de Madres y Padres de Familia&nbsp; de la Escuela Primaria Federal Biling\u00fce \u201cIgnacio Manuel Altamirano\u201d, interpusieron ante Comisi\u00f3n Estatal de Defensa de los Derechos Humanos (CODEHUM) una queja formal \u201cpor actos violatorios a los derechos humanos, cometidos de manera directa por el Secretario de Educaci\u00f3n Guerrero, el Director de educaci\u00f3n Guerrero y el Delegado&nbsp; Regional de Servicios Educativos de la Monta\u00f1a Alta, en agravio de las y los pobladores de la comunidad de El Coyul.<br \/>\nLa agravante principal fue conculcar el derecho a la educaci\u00f3n.<br \/>\nEl 29 de marzo de 2017, la CODEHUM notific\u00f3 a la SEG la recomendaci\u00f3n 022\/2017 en la que -por acciones y omisiones- reconoce la vulneraci\u00f3n al derecho a la educaci\u00f3n y de petici\u00f3n de la ni\u00f1ez ind\u00edgena de El Coyul, por lo que pide al Titular de la Secretar\u00eda de Educaci\u00f3n de Guerrero, Lic. Jos\u00e9 Luis Gonz\u00e1lez de la Vega que a la brevedad posible adopte las medidas pertinentes para proveer de forma permanente el n\u00famero de docentes que se necesitan para cumplir con los dos planteles de la comunidad de referencia.<br \/>\nAunque la SEG ya fue notificada, hasta la fecha no ha contestado, ni tomado acci\u00f3n respecto de la recomendaci\u00f3n emitida, lo que implica un acto de desacato.<br \/>\nBarrera Hern\u00e1ndez explic\u00f3 que desde su fundaci\u00f3n en 1982, el Centro de Educaci\u00f3n Preescolar Ind\u00edgena \u201c30 de abril\u201d hab\u00eda sido atendido por un solo docente, quien ten\u00eda a su cargo la direcci\u00f3n, la administraci\u00f3n, la intendencia y adem\u00e1s un n\u00famero superior a los 80 ni\u00f1os y ni\u00f1as.<br \/>\nA partir del a\u00f1o 2012 lleg\u00f3 otro docente, pero la matr\u00edcula aument\u00f3.<br \/>\nEn el ciclo escolar 2012-2013 se atend\u00eda a 90 alumnas\/os; en 2013-2014 a 115 alumnos; en 2014-2015 a 138 alumnos. Arbitrariamente, en el ciclo 2015-2016 la SEG expidi\u00f3 una circular en el que espec\u00edfica que si no se contaba con suficientes docentes, no era necesario que se atendiera el primer grado, dejando un total de 50 ni\u00f1as y ni\u00f1os sin el goce pleno al derecho de la educaci\u00f3n, lo que Berrera considera como algo muy grave.<br \/>\nActualmente se atiende a un total de 93 alumnos del ciclo escolar 2016-2017, sin atender el primer grado, lo que afecta por lo menos a 30 alumnos.<br \/>\nRespecto a la primaria biling\u00fce \u201cIgnacio Manuel Altamirano\u201d, se\u00f1al\u00f3 que hay 12 grupos con 279 alumnos, quienes son atendidos por siete docentes, una de ellas funge como directora y maestra.<\/p>\n","protected":false},"excerpt":{"rendered":"<p>Aunque los padres de familia han requerido el env\u00edo de personal docente, hasta el momento no hay maestros suficientes para atender a la comunidad ind\u00edgena de El Coyul, municipio de&hellip; <\/p>\n","protected":false},"author":1,"featured_media":0,"comment_status":"open","ping_status":"open","sticky":false,"template":"","format":"standard","meta":{"fifu_image_url":"","fifu_image_alt":"","footnotes":""},"categories":[6,8],"tags":[],"class_list":["post-3903","post","type-post","status-publish","format-standard","hentry","category-educacion","category-featured"],"_links":{"self":[{"href":"https:\/\/www.interaccionnoticias.com.mx\/index.php?rest_route=\/wp\/v2\/posts\/3903","targetHints":{"allow":["GET"]}}],"collection":[{"href":"https:\/\/www.interaccionnoticias.com.mx\/index.php?rest_route=\/wp\/v2\/posts"}],"about":[{"href":"https:\/\/www.interaccionnoticias.com.mx\/index.php?rest_route=\/wp\/v2\/types\/post"}],"author":[{"embeddable":true,"href":"https:\/\/www.interaccionnoticias.com.mx\/index.php?rest_route=\/wp\/v2\/users\/1"}],"replies":[{"embeddable":true,"href":"https:\/\/www.interaccionnoticias.com.mx\/index.php?rest_route=%2Fwp%2Fv2%2Fcomments&post=3903"}],"version-history":[{"count":0,"href":"https:\/\/www.interaccionnoticias.com.mx\/index.php?rest_route=\/wp\/v2\/posts\/3903\/revisions"}],"wp:attachment":[{"href":"https:\/\/www.interaccionnoticias.com.mx\/index.php?rest_route=%2Fwp%2Fv2%2Fmedia&parent=3903"}],"wp:term":[{"taxonomy":"category","embeddable":true,"href":"https:\/\/www.interaccionnoticias.com.mx\/index.php?rest_route=%2Fwp%2Fv2%2Fcategories&post=3903"},{"taxonomy":"post_tag","embeddable":true,"href":"https:\/\/www.interaccionnoticias.com.mx\/index.php?rest_route=%2Fwp%2Fv2%2Ftags&post=3903"}],"curies":[{"name":"wp","href":"https:\/\/api.w.org\/{rel}","templated":true}]}}