{"id":39007,"date":"2021-12-09T14:37:00","date_gmt":"2021-12-09T20:37:00","guid":{"rendered":"http:\/\/www.inter-accion.com.mx\/?p=38801"},"modified":"2021-12-09T14:37:00","modified_gmt":"2021-12-09T20:37:00","slug":"38801","status":"publish","type":"post","link":"https:\/\/www.interaccionnoticias.com.mx\/?p=39007","title":{"rendered":"\u201cEl Nene Granados es un ganadero muy querido em Tecpan\u201d, dice organizador del desayuno en evento del PRD"},"content":{"rendered":"\n<p><strong><em>&#8211; Si tiene problemas con la ley, las autoridades deben investigar, sostiene Mart\u00edn Antonio R\u00edos Ayala<\/em><\/strong><\/p>\n\n\n\n<p><strong>Rogelio Agust\u00edn<\/strong><\/p>\n\n\n\n<p>De acuerdo con el regidor Mart\u00edn Antonio R\u00edos Ayala, Rub\u00e9n Granados Vargas, alias \u201cEl Nene Granados\u201d es un ganadero \u201cmuy querido en el municipio de Tecpan de Galeana\u201d, quien al parecer, actualmente no tiene problemas con las autoridades mexicanas.<\/p>\n\n\n\n<p>La jornada del mi\u00e9rcoles 8 de diciembre, el regidor de Salud del Cabildo de Tecpan de Galeana, convoc\u00f3 a un desayuno en el restauran La Escondida, ubicado en la cabecera municipal.<\/p>\n\n\n\n<p>Al evento acudieron integrantes de la corriente interna del PRD, Alternativa Democr\u00e1tica Guerrerense (ADG), entre ellos Mario Ruiz Valencia, presidente del Consejo Estatal (CE), Celerino Tlacotempa Zapoteco y Jes\u00fas Guatemala, adem\u00e1s de un representante del diputado local Carlos Reyes Torres.<\/p>\n\n\n\n<p>Llam\u00f3 la atenci\u00f3n que a dicho evento acudi\u00f3 Rub\u00e9n Granados Vargas, quien es conocido bajo el alias de \u201cEl Nene\u201d y ha sido detenido por lo menos en dos ocasiones; en 2009 y 2017 por encabezar una organizaci\u00f3n delictiva en la Costa Grande de Guerrero, adem\u00e1s se le ha vinculado con el c\u00e1rtel de Los Beltr\u00e1n Leyva.<\/p>\n\n\n\n<p>Cuestionado sobre la presencia de dicho personaje en el desayuno, el regidor manifest\u00f3 que la suya fue una convocatoria abierta, a la que acudi\u00f3 quien quiso hacerlo.<\/p>\n\n\n\n<p>\u201cYo soy una persona muy conocida, el pueblo me quiere\u201d, asever\u00f3 el regidor Mart\u00edn R\u00edos.<\/p>\n\n\n\n<p>En el caso particular de \u201cEl Nene Granados\u201d, el militante del partido del sol azteca manifest\u00f3: \u201cPues es un se\u00f1or ganadero que lleg\u00f3 a la reuni\u00f3n, como cualquier otro ciudadano que fue convocado, todos los ciudadanos de Tecpan son muy queridos\u201d.<\/p>\n\n\n\n<p>Insisti\u00f3 en que no hubo una invitaci\u00f3n expresa, directa para el presunto operador del c\u00e1rtel de Los Beltr\u00e1n.<\/p>\n\n\n\n<p>\u201cYo invite al pueblo en general, el pueblo me aprecia y me quiere, por eso llegaron muchas personas\u201d.<\/p>\n\n\n\n<p>Respecto al hecho de que Granados Vargas aparezca en la mesa central, dijo que obedece al hecho de que las personas se fueron sentando conforme llegaban, sin que eso representara alg\u00fan nivel jer\u00e1rquico.<\/p>\n\n\n\n<p>Ante la interrogante de si conoce a Rub\u00e9n Granados, el anfitri\u00f3n del desayuno en \u201cLa Escondida\u201d sostuvo: \u201cSi lo conozco, es una persona muy querida en Tecpan de Galeana\u201d.<\/p>\n\n\n\n<p>Agreg\u00f3 que si existe alguna investigaci\u00f3n abierta, por la comisi\u00f3n de alg\u00fan delito en contra de \u201cEl Nene Granados\u201d, pues lo correcto es que las autoridades hagan su trabajo, porque hasta el momento, Rub\u00e9n Granados realiza en Tecpan actividades cotidianas, propias de una persona dedicada a la ganader\u00eda.<\/p>\n","protected":false},"excerpt":{"rendered":"<p>&#8211; Si tiene problemas con la ley, las autoridades deben investigar, sostiene Mart\u00edn Antonio R\u00edos Ayala Rogelio Agust\u00edn De acuerdo con el regidor Mart\u00edn Antonio R\u00edos Ayala, Rub\u00e9n Granados Vargas,&hellip; <\/p>\n","protected":false},"author":21,"featured_media":38972,"comment_status":"open","ping_status":"open","sticky":false,"template":"","format":"standard","meta":{"fifu_image_url":"","fifu_image_alt":"","footnotes":""},"categories":[18],"tags":[],"class_list":["post-39007","post","type-post","status-publish","format-standard","has-post-thumbnail","hentry","category-partidos-politicos"],"_links":{"self":[{"href":"https:\/\/www.interaccionnoticias.com.mx\/index.php?rest_route=\/wp\/v2\/posts\/39007","targetHints":{"allow":["GET"]}}],"collection":[{"href":"https:\/\/www.interaccionnoticias.com.mx\/index.php?rest_route=\/wp\/v2\/posts"}],"about":[{"href":"https:\/\/www.interaccionnoticias.com.mx\/index.php?rest_route=\/wp\/v2\/types\/post"}],"author":[{"embeddable":true,"href":"https:\/\/www.interaccionnoticias.com.mx\/index.php?rest_route=\/wp\/v2\/users\/21"}],"replies":[{"embeddable":true,"href":"https:\/\/www.interaccionnoticias.com.mx\/index.php?rest_route=%2Fwp%2Fv2%2Fcomments&post=39007"}],"version-history":[{"count":0,"href":"https:\/\/www.interaccionnoticias.com.mx\/index.php?rest_route=\/wp\/v2\/posts\/39007\/revisions"}],"wp:featuredmedia":[{"embeddable":true,"href":"https:\/\/www.interaccionnoticias.com.mx\/index.php?rest_route=\/wp\/v2\/media\/38972"}],"wp:attachment":[{"href":"https:\/\/www.interaccionnoticias.com.mx\/index.php?rest_route=%2Fwp%2Fv2%2Fmedia&parent=39007"}],"wp:term":[{"taxonomy":"category","embeddable":true,"href":"https:\/\/www.interaccionnoticias.com.mx\/index.php?rest_route=%2Fwp%2Fv2%2Fcategories&post=39007"},{"taxonomy":"post_tag","embeddable":true,"href":"https:\/\/www.interaccionnoticias.com.mx\/index.php?rest_route=%2Fwp%2Fv2%2Ftags&post=39007"}],"curies":[{"name":"wp","href":"https:\/\/api.w.org\/{rel}","templated":true}]}}