{"id":39006,"date":"2021-12-09T12:33:06","date_gmt":"2021-12-09T18:33:06","guid":{"rendered":"http:\/\/www.inter-accion.com.mx\/?p=38787"},"modified":"2021-12-09T12:33:06","modified_gmt":"2021-12-09T18:33:06","slug":"38787","status":"publish","type":"post","link":"https:\/\/www.interaccionnoticias.com.mx\/?p=39006","title":{"rendered":"\u201cEl Nene Granados\u201d, presunto operador de \u201cLos Beltr\u00e1n Leyva\u201d aparece en evento pol\u00edtico del PRD-Guerrero"},"content":{"rendered":"\n<p><strong><em>&#8211; En Tecpan de Galeana, lo presentan como l\u00edder ganadero<br>&#8211; El regidor de Salud, Mart\u00edn Antonio R\u00edos Ayala convoc\u00f3 a desayuno en un restaurant de la localidad<\/em><\/strong><\/p>\n\n\n\n<p><strong>Rogelio Agust\u00edn<\/strong><\/p>\n\n\n\n<p>A cuatro a\u00f1os de que se diera a conocer su detenci\u00f3n, Rub\u00e9n Granados Vargas, mejor conocido como \u201cEl Nene Granados\u201d, presunto operador del c\u00e1rtel de los Beltr\u00e1n Leyva en la Costa Grande de Guerrero, reapareci\u00f3 p\u00fablicamente en un evento pol\u00edtico convocado por una corriente interna del PRD.<\/p>\n\n\n\n<p>La ma\u00f1ana del mi\u00e9rcoles 8 de diciembre, en el restaurante \u201cLa Escondida\u201d, ubicado en la cabecera municipal de Tecpan de Galeana se desarroll\u00f3 un encuentro de la estructura que dirige el regidor perredista Mart\u00edn Antonio R\u00edos Ayala, quien tiene la comisi\u00f3n de Salud y es miembro activo de Alternativa Democr\u00e1tica Guerrerense (ADG).<\/p>\n\n\n\n<p>En las redes sociales del regidor R\u00edos Ayala se publicaron varias im\u00e1genes del encuentro, que se desarroll\u00f3 a partir de las 10:00 horas y termin\u00f3 antes del mediod\u00eda.<\/p>\n\n\n\n<p>En la mesa central se coloc\u00f3 una lona con las siglas de ADG, al frente estuvo el presidente del Consejo Estatal del PRD, Mario Ruiz Valencia; as\u00ed como varios de sus compa\u00f1eros de la dirigencia estatal; Celerino Tlacotempa Zapoteco, Jes\u00fas Guatemala, el regidor convocante y el regidor Mart\u00edn.<\/p>\n\n\n\n<p>En el extremo izquierdo, con una playera polo de color azul marino con vivos rojos, de cabello corto y canas en las sienes se observa a Rub\u00e9n Granados, quien fue presentado como l\u00edder de los ganaderos de la zona.<\/p>\n\n\n\n<p>\u201cEl Nene\u201d ni hizo uso de la palabra, tampoco fue presentado como parte de la estructura de ADG en Tecpan, pero en las im\u00e1genes que se tomaron cuando el evento lleg\u00f3 a su fin, se le observa tomando las manos junto con los integrantes de la mesa que se encuentran a sus lados.<\/p>\n\n\n\n<p>En un video captado por el canal 6 local se observa que en ese momento, los asistentes gritan la arenga de \u00a1viva el PRD!<\/p>\n\n\n\n<p>El 12 de abril de 2017, Malenich Castilla, entonces Comisionado de la Polic\u00eda Federal en el Gobierno de la Rep\u00fablica inform\u00f3 la detenci\u00f3n de Granados Vargas y sostuvo que hasta entonces, era considerado como uno de los objetivos prioritarios en Guerrero.<\/p>\n\n\n\n<p>De acuerdo con Malenich Castilla, Rub\u00e9n Granados ten\u00eda una orden de aprehensi\u00f3n por portaci\u00f3n de arma de fuego, pero tambi\u00e9n se le relacionaba con delitos como extorsi\u00f3n, secuestros y ejecuciones a ganaderos de la Costa Grande,.<\/p>\n\n\n\n<p>El Comisionado de la extinta PF dijo entonces que \u201cEl Nene\u201d y su hermano estaba relacionado desde 2008 con el grupo criminal de Arturo Beltr\u00e1n Leyva, alias \u201cEl Jefe de jefes\u201d, quien fue abatido en un operativo de la Marina Armada en el estado Morelos, en el a\u00f1o 2009.<\/p>\n\n\n\n<p>De hecho, en marzo de 2016, la entonces Procuradur\u00eda General de la Rep\u00fablica (PGR) ofreci\u00f3 una recompensa por informaci\u00f3n que llevaran a la captura de \u2018El Nene\u2019 y tres presuntos delincuentes m\u00e1s.<\/p>\n\n\n\n<p>A Rub\u00e9n Granados se le recuerda una fuerte confrontaci\u00f3n con el ex alcalde de Petatl\u00e1n, Rogaciano Alba \u00c1lvarez, con quien se disput\u00f3 durante varios a\u00f1os el control de la Costa Grande, lo que propici\u00f3 una larga historia de enfrentamientos armados.<\/p>\n\n\n\n<p>De acuerdo con las versiones obtenidas, a la reuni\u00f3n del mi\u00e9rcoles llegaron comisarios de la zona rural de Tecpan, dirigentes del transporte p\u00fablico y ganaderos, lo que represent\u00f3 una participaci\u00f3n de por lo menos 200 personas.<\/p>\n","protected":false},"excerpt":{"rendered":"<p>&#8211; En Tecpan de Galeana, lo presentan como l\u00edder ganadero&#8211; El regidor de Salud, Mart\u00edn Antonio R\u00edos Ayala convoc\u00f3 a desayuno en un restaurant de la localidad Rogelio Agust\u00edn A&hellip; <\/p>\n","protected":false},"author":21,"featured_media":38789,"comment_status":"open","ping_status":"open","sticky":false,"template":"","format":"standard","meta":{"fifu_image_url":"","fifu_image_alt":"","footnotes":""},"categories":[21],"tags":[],"class_list":["post-39006","post","type-post","status-publish","format-standard","has-post-thumbnail","hentry","category-politica"],"_links":{"self":[{"href":"https:\/\/www.interaccionnoticias.com.mx\/index.php?rest_route=\/wp\/v2\/posts\/39006","targetHints":{"allow":["GET"]}}],"collection":[{"href":"https:\/\/www.interaccionnoticias.com.mx\/index.php?rest_route=\/wp\/v2\/posts"}],"about":[{"href":"https:\/\/www.interaccionnoticias.com.mx\/index.php?rest_route=\/wp\/v2\/types\/post"}],"author":[{"embeddable":true,"href":"https:\/\/www.interaccionnoticias.com.mx\/index.php?rest_route=\/wp\/v2\/users\/21"}],"replies":[{"embeddable":true,"href":"https:\/\/www.interaccionnoticias.com.mx\/index.php?rest_route=%2Fwp%2Fv2%2Fcomments&post=39006"}],"version-history":[{"count":0,"href":"https:\/\/www.interaccionnoticias.com.mx\/index.php?rest_route=\/wp\/v2\/posts\/39006\/revisions"}],"wp:featuredmedia":[{"embeddable":true,"href":"https:\/\/www.interaccionnoticias.com.mx\/index.php?rest_route=\/wp\/v2\/media\/38789"}],"wp:attachment":[{"href":"https:\/\/www.interaccionnoticias.com.mx\/index.php?rest_route=%2Fwp%2Fv2%2Fmedia&parent=39006"}],"wp:term":[{"taxonomy":"category","embeddable":true,"href":"https:\/\/www.interaccionnoticias.com.mx\/index.php?rest_route=%2Fwp%2Fv2%2Fcategories&post=39006"},{"taxonomy":"post_tag","embeddable":true,"href":"https:\/\/www.interaccionnoticias.com.mx\/index.php?rest_route=%2Fwp%2Fv2%2Ftags&post=39006"}],"curies":[{"name":"wp","href":"https:\/\/api.w.org\/{rel}","templated":true}]}}