{"id":39002,"date":"2021-12-08T21:58:10","date_gmt":"2021-12-09T03:58:10","guid":{"rendered":"http:\/\/www.inter-accion.com.mx\/?p=38769"},"modified":"2021-12-08T21:58:10","modified_gmt":"2021-12-09T03:58:10","slug":"38769","status":"publish","type":"post","link":"https:\/\/www.interaccionnoticias.com.mx\/?p=39002","title":{"rendered":"Paga el Gobierno de Guerrero la primera parte del aguinaldo a trabajadores FONE y NO FONE"},"content":{"rendered":"\n<p><strong><em>&#8211; Se cumple el compromiso pactado con los trabajadores de la SEG.<\/em><\/strong><\/p>\n\n\n\n<p><strong>Rogelio Agustin<\/strong><\/p>\n\n\n\n<p><strong>Chilpancingo., Gro., 8 de diciembre de 2021.-<\/strong> El Gobierno de Guerrero pag\u00f3 la primera parte del aguinaldo a las y los trabajadores de la educaci\u00f3n que est\u00e1n integrados al Fondo de Aportaciones para la N\u00f3mina Educativa (FONE), as\u00ed como los denominados NO FONE.<\/p>\n\n\n\n<p>&nbsp;De acuerdo con la informaci\u00f3n difundida la noche del mi\u00e9rcoles, el Gobierno de Evelyn Salgado inform\u00f3 que se destinaron mil 113 millones 150 mil 640 pesos, para cumplir con el pago de esta prestaci\u00f3n a docentes y personal de apoyo y asistencia que est\u00e1n incorporados al Fondo de Aportaciones para la N\u00f3mina Educativa y Gasto Operativo (FONE).<\/p>\n\n\n\n<p>El recurso destinado para los NO FONE representa&nbsp;&nbsp;37 millones 766 mil 566 pesos.<\/p>\n\n\n\n<p>La dispersi\u00f3n de dicha prestaci\u00f3n se realiz\u00f3 a 146 mil 72 trabajadores del sector educativo de Guerrero, el titular del \u00e1rea, Marcial Rodr\u00edguez Saldala manifest\u00f3 que esto se logr\u00f3 \u00aba pesar de la dependencia registra una crisis financiera heredada.<\/p>\n\n\n\n<p>Durante una gira de trabajo realizada este mi\u00e9rcoles, la gobernadora coloc\u00f3 las primeras piedras para el inicio de construcci\u00f3n de obras en planteles educativos de Tixtla y Chilpancingo, en Buenavista de la Salud, la \u00faltima comunidad perteneciente a Chilpancingo.<\/p>\n\n\n\n<p>Ah\u00ed, Marcial Rodr\u00edguez Salda\u00f1a se\u00f1al\u00f3 que se ha cumplido con el 50 por ciento del aguinaldo a los trabajadores de la educaci\u00f3n, se\u00f1alando que el recurso se liber\u00f3 en tiempo y forma.<\/p>\n","protected":false},"excerpt":{"rendered":"<p>&#8211; Se cumple el compromiso pactado con los trabajadores de la SEG. Rogelio Agustin Chilpancingo., Gro., 8 de diciembre de 2021.- El Gobierno de Guerrero pag\u00f3 la primera parte del&hellip; <\/p>\n","protected":false},"author":21,"featured_media":38967,"comment_status":"open","ping_status":"open","sticky":false,"template":"","format":"standard","meta":{"fifu_image_url":"","fifu_image_alt":"","footnotes":""},"categories":[6],"tags":[],"class_list":["post-39002","post","type-post","status-publish","format-standard","has-post-thumbnail","hentry","category-educacion"],"_links":{"self":[{"href":"https:\/\/www.interaccionnoticias.com.mx\/index.php?rest_route=\/wp\/v2\/posts\/39002","targetHints":{"allow":["GET"]}}],"collection":[{"href":"https:\/\/www.interaccionnoticias.com.mx\/index.php?rest_route=\/wp\/v2\/posts"}],"about":[{"href":"https:\/\/www.interaccionnoticias.com.mx\/index.php?rest_route=\/wp\/v2\/types\/post"}],"author":[{"embeddable":true,"href":"https:\/\/www.interaccionnoticias.com.mx\/index.php?rest_route=\/wp\/v2\/users\/21"}],"replies":[{"embeddable":true,"href":"https:\/\/www.interaccionnoticias.com.mx\/index.php?rest_route=%2Fwp%2Fv2%2Fcomments&post=39002"}],"version-history":[{"count":0,"href":"https:\/\/www.interaccionnoticias.com.mx\/index.php?rest_route=\/wp\/v2\/posts\/39002\/revisions"}],"wp:featuredmedia":[{"embeddable":true,"href":"https:\/\/www.interaccionnoticias.com.mx\/index.php?rest_route=\/wp\/v2\/media\/38967"}],"wp:attachment":[{"href":"https:\/\/www.interaccionnoticias.com.mx\/index.php?rest_route=%2Fwp%2Fv2%2Fmedia&parent=39002"}],"wp:term":[{"taxonomy":"category","embeddable":true,"href":"https:\/\/www.interaccionnoticias.com.mx\/index.php?rest_route=%2Fwp%2Fv2%2Fcategories&post=39002"},{"taxonomy":"post_tag","embeddable":true,"href":"https:\/\/www.interaccionnoticias.com.mx\/index.php?rest_route=%2Fwp%2Fv2%2Ftags&post=39002"}],"curies":[{"name":"wp","href":"https:\/\/api.w.org\/{rel}","templated":true}]}}