{"id":38995,"date":"2021-12-08T17:10:18","date_gmt":"2021-12-08T23:10:18","guid":{"rendered":"http:\/\/www.inter-accion.com.mx\/?p=38739"},"modified":"2021-12-08T17:10:18","modified_gmt":"2021-12-08T23:10:18","slug":"38739","status":"publish","type":"post","link":"https:\/\/www.interaccionnoticias.com.mx\/?p=38995","title":{"rendered":"Cetegistas acusan a la SEG de cancelar 250 contratos"},"content":{"rendered":"\n<p><strong><em>&#8212; Los docentes est\u00e1n en la incertidumbre, a cuatro ya les fue cancelado definitivamente la contrataci\u00f3n<br>&#8212; Se movilizar\u00e1n para exigir la recontrataci\u00f3n, advierten<\/em><\/strong><\/p>\n\n\n\n<p><strong>Vianey Ponce<\/strong><\/p>\n\n\n\n<p>Maestros incorporados a la Coordinadora Estatal de Trabajadores de la Educaci\u00f3n de Guerrero (CETEG) denunciaron la cancelaci\u00f3n de sus contratos por parte de la Secretaria de Educaci\u00f3n.<\/p>\n\n\n\n<p>Se\u00f1alaron que son m\u00e1s de 250 profesores que tienen de 3 a 10 a\u00f1os de servicio, a quienes lejos de otorgarles la basificaci\u00f3n les cancelaron el contrato o ya no les dan la posibilidad de renovarlo.<\/p>\n\n\n\n<p>Reyna Bello de Jes\u00fas, quien forma parte de la Coordinadora Sectorial de la Regi\u00f3n Centro, confirm\u00f3 que en lo que va de la nueva administraci\u00f3n van cuatro docentes a los que se les neg\u00f3 la renovaci\u00f3n de su contrato.<\/p>\n\n\n\n<p>Precis\u00f3 que entre el gremio existe la incertidumbre respecto a su permanencia, pues cada renovaci\u00f3n es solo por seis meses, por lo que cada medio a\u00f1o est\u00e1n en la incertidumbre laboral.<\/p>\n\n\n\n<p>Reproch\u00f3 que la SEG implement\u00e9 est\u00e1 medida que va en contra de los trabajadores, por lo que destac\u00f3: \u00abDijeron (las autoridades estatales) que se iban a ir en contra de los funcionarios pero se est\u00e1n yendo en contra de los trabajadores\u00bb.<\/p>\n\n\n\n<p>Al partcipar en el tianguis Artesanal, instalado en las oficinas del ex ineban, Bello de Jes\u00fas anticip\u00f3 que la pr\u00f3xima semana emprender\u00e1n una movilizaci\u00f3n para defender su recontrataci\u00f3n.<\/p>\n\n\n\n<p>Adem\u00e1s, manifest\u00f3 que tampoco se les est\u00e1 dontando a las escuelas de los insumos necesarios para sanitizar las aulas, por lo que son los padres de familia quienes actualmente solventan ese gasto.<\/p>\n","protected":false},"excerpt":{"rendered":"<p>&#8212; Los docentes est\u00e1n en la incertidumbre, a cuatro ya les fue cancelado definitivamente la contrataci\u00f3n&#8212; Se movilizar\u00e1n para exigir la recontrataci\u00f3n, advierten Vianey Ponce Maestros incorporados a la Coordinadora&hellip; <\/p>\n","protected":false},"author":20,"featured_media":38958,"comment_status":"open","ping_status":"open","sticky":false,"template":"","format":"standard","meta":{"fifu_image_url":"","fifu_image_alt":"","footnotes":""},"categories":[6],"tags":[66],"class_list":["post-38995","post","type-post","status-publish","format-standard","has-post-thumbnail","hentry","category-educacion","tag-ceteg"],"_links":{"self":[{"href":"https:\/\/www.interaccionnoticias.com.mx\/index.php?rest_route=\/wp\/v2\/posts\/38995","targetHints":{"allow":["GET"]}}],"collection":[{"href":"https:\/\/www.interaccionnoticias.com.mx\/index.php?rest_route=\/wp\/v2\/posts"}],"about":[{"href":"https:\/\/www.interaccionnoticias.com.mx\/index.php?rest_route=\/wp\/v2\/types\/post"}],"author":[{"embeddable":true,"href":"https:\/\/www.interaccionnoticias.com.mx\/index.php?rest_route=\/wp\/v2\/users\/20"}],"replies":[{"embeddable":true,"href":"https:\/\/www.interaccionnoticias.com.mx\/index.php?rest_route=%2Fwp%2Fv2%2Fcomments&post=38995"}],"version-history":[{"count":0,"href":"https:\/\/www.interaccionnoticias.com.mx\/index.php?rest_route=\/wp\/v2\/posts\/38995\/revisions"}],"wp:featuredmedia":[{"embeddable":true,"href":"https:\/\/www.interaccionnoticias.com.mx\/index.php?rest_route=\/wp\/v2\/media\/38958"}],"wp:attachment":[{"href":"https:\/\/www.interaccionnoticias.com.mx\/index.php?rest_route=%2Fwp%2Fv2%2Fmedia&parent=38995"}],"wp:term":[{"taxonomy":"category","embeddable":true,"href":"https:\/\/www.interaccionnoticias.com.mx\/index.php?rest_route=%2Fwp%2Fv2%2Fcategories&post=38995"},{"taxonomy":"post_tag","embeddable":true,"href":"https:\/\/www.interaccionnoticias.com.mx\/index.php?rest_route=%2Fwp%2Fv2%2Ftags&post=38995"}],"curies":[{"name":"wp","href":"https:\/\/api.w.org\/{rel}","templated":true}]}}