{"id":38990,"date":"2021-12-08T15:10:10","date_gmt":"2021-12-08T21:10:10","guid":{"rendered":"http:\/\/www.inter-accion.com.mx\/?p=38723"},"modified":"2021-12-08T15:10:10","modified_gmt":"2021-12-08T21:10:10","slug":"38723","status":"publish","type":"post","link":"https:\/\/www.interaccionnoticias.com.mx\/?p=38990","title":{"rendered":"Dos c\u00e1maras del Semefo da\u00f1adas en Acapulco"},"content":{"rendered":"\n<p><strong><em>&#8211; Nuevamente desprende f\u00e9tidos olores<br>&#8211; Las otras tres c\u00e1maras est\u00e1n saturadas<\/em><\/strong><\/p>\n\n\n\n<p><strong>Javier Trujillo<\/strong><\/p>\n\n\n\n<p><strong>Acapulco, Gro.-<\/strong> Nuevamente dos de las cinco c\u00e1maras frigor\u00edficas del Servicio M\u00e9dico Forense (Semefo), otra vez se encuentran descompuesta y se despiden f\u00e9tidos olores en la Fiscal\u00eda Regional de Acapulco.<\/p>\n\n\n\n<p>De acuerdo con el director del Semefo en Guerrero, Ben Yehuda Mart\u00ednez Villa, la secretaria de salud no destinado recursos para repararlas.<\/p>\n\n\n\n<p>\u00abNo es que est\u00e9n descompuestas, solamente las manijas de las puertas no cierran, por eso se salen la temperatura y tambi\u00e9n los olores. Pero las c\u00e1maras si funcionan.<\/p>\n\n\n\n<p>\u00abEsa fue una de las razones por las cuales nos trajimos cien cad\u00e1veres de Acapulco al Semefo de Chilpancingo, y nos llevamos m\u00e1s de 60 cuerpos al pante\u00f3n forense de Chilpancingo\u00bb, explic\u00f3 en entrevista, Mart\u00ednez Villa.<\/p>\n\n\n\n<p>El director del Semefo, insisti\u00f3 en que se les orden\u00f3 parar las dos c\u00e1maras a las que no le sirven las manijas, pero refiere que el personal no entiende.<\/p>\n\n\n\n<p>MILENIO, inform\u00f3 a finales del pasado mes de octubre que fueron trasladados un total de cien cad\u00e1veres debido a que las c\u00e1maras frigor\u00edficas estaban saturadas de cuerpos y no serv\u00edan.<\/p>\n\n\n\n<p>Mart\u00ednez Villa, explic\u00f3 que las nuevas instalaciones del Semefo, ubicadas junto al hospital de El Quemado, aunque ya est\u00e1n terminadas, a\u00fan falta el suministro el\u00e9ctrico, y capacitaci\u00f3n para el personal que va operar el equipo.<\/p>\n\n\n\n<p>\u00abA\u00fan no se cuando vamos a cambiarnos, ya estamos listos para la entrega del nuevo Semefo, pero aun le faltan algunas cosas\u00bb, dijo el funcionario del gobierno estatal.<\/p>\n","protected":false},"excerpt":{"rendered":"<p>&#8211; Nuevamente desprende f\u00e9tidos olores&#8211; Las otras tres c\u00e1maras est\u00e1n saturadas Javier Trujillo Acapulco, Gro.- Nuevamente dos de las cinco c\u00e1maras frigor\u00edficas del Servicio M\u00e9dico Forense (Semefo), otra vez se&hellip; <\/p>\n","protected":false},"author":3,"featured_media":38716,"comment_status":"open","ping_status":"open","sticky":false,"template":"","format":"standard","meta":{"fifu_image_url":"","fifu_image_alt":"","footnotes":""},"categories":[27],"tags":[38,176],"class_list":["post-38990","post","type-post","status-publish","format-standard","has-post-thumbnail","hentry","category-seguridad-publica","tag-acapulco","tag-semefo"],"_links":{"self":[{"href":"https:\/\/www.interaccionnoticias.com.mx\/index.php?rest_route=\/wp\/v2\/posts\/38990","targetHints":{"allow":["GET"]}}],"collection":[{"href":"https:\/\/www.interaccionnoticias.com.mx\/index.php?rest_route=\/wp\/v2\/posts"}],"about":[{"href":"https:\/\/www.interaccionnoticias.com.mx\/index.php?rest_route=\/wp\/v2\/types\/post"}],"author":[{"embeddable":true,"href":"https:\/\/www.interaccionnoticias.com.mx\/index.php?rest_route=\/wp\/v2\/users\/3"}],"replies":[{"embeddable":true,"href":"https:\/\/www.interaccionnoticias.com.mx\/index.php?rest_route=%2Fwp%2Fv2%2Fcomments&post=38990"}],"version-history":[{"count":0,"href":"https:\/\/www.interaccionnoticias.com.mx\/index.php?rest_route=\/wp\/v2\/posts\/38990\/revisions"}],"wp:featuredmedia":[{"embeddable":true,"href":"https:\/\/www.interaccionnoticias.com.mx\/index.php?rest_route=\/wp\/v2\/media\/38716"}],"wp:attachment":[{"href":"https:\/\/www.interaccionnoticias.com.mx\/index.php?rest_route=%2Fwp%2Fv2%2Fmedia&parent=38990"}],"wp:term":[{"taxonomy":"category","embeddable":true,"href":"https:\/\/www.interaccionnoticias.com.mx\/index.php?rest_route=%2Fwp%2Fv2%2Fcategories&post=38990"},{"taxonomy":"post_tag","embeddable":true,"href":"https:\/\/www.interaccionnoticias.com.mx\/index.php?rest_route=%2Fwp%2Fv2%2Ftags&post=38990"}],"curies":[{"name":"wp","href":"https:\/\/api.w.org\/{rel}","templated":true}]}}