{"id":38835,"date":"2021-12-09T19:45:09","date_gmt":"2021-12-10T01:45:09","guid":{"rendered":"http:\/\/www.inter-accion.com.mx\/?p=38835"},"modified":"2021-12-09T19:45:09","modified_gmt":"2021-12-10T01:45:09","slug":"38835","status":"publish","type":"post","link":"https:\/\/www.interaccionnoticias.com.mx\/?p=38835","title":{"rendered":"Detiene la Polic\u00eda Estatal a tres personas en el municipio de Cual\u00e1c"},"content":{"rendered":"\n<p><strong>Chilpancingo, Guerrero, 09 de diciembre de 2021.-<\/strong> Elementos de la Polic\u00eda Estatal detuvieron a tres hombres en posesi\u00f3n de armas de fuego y un chaleco t\u00e1ctico en el municipio de Cual\u00e1c.<\/p>\n\n\n\n<p>El aseguramiento se dio cuando el personal de la Secretar\u00eda de Seguridad P\u00fablica Estatal realizaba acciones de prevenci\u00f3n del delito sobre el tramo carretero Coachimalco-Crucero de Cual\u00e1c.<\/p>\n\n\n\n<p>Las personas fueron identificadas como Bernardo \u201cN\u201d, Rafael \u201cN\u201d y Esteban \u201cN\u201d, quienes iban a bordo de un veh\u00edculo marca Nissan, tipo Sentra, modelo 1999, con placas del Estado de M\u00e9xico y sin reporte de robo.<\/p>\n\n\n\n<p>Tras una inspecci\u00f3n se les ubicaron tres armas de fuego cortas: una calibre .380 mm y dos 0.9 mm.<\/p>\n\n\n\n<p>As\u00ed como un arma larga, calibre 7.62 mm x 39 mm; un chaleco t\u00e1ctico; seis cargadores met\u00e1licos y 67 cartuchos de distintos calibres.<\/p>\n\n\n\n<p>Los tres individuos, el armamento, el veh\u00edculo y chaleco t\u00e1ctico fueron puestos a disposici\u00f3n de las autoridades correspondientes.<\/p>\n","protected":false},"excerpt":{"rendered":"<p>Chilpancingo, Guerrero, 09 de diciembre de 2021.- Elementos de la Polic\u00eda Estatal detuvieron a tres hombres en posesi\u00f3n de armas de fuego y un chaleco t\u00e1ctico en el municipio de&hellip; <\/p>\n","protected":false},"author":19,"featured_media":38979,"comment_status":"open","ping_status":"open","sticky":false,"template":"","format":"standard","meta":{"fifu_image_url":"","fifu_image_alt":"","footnotes":""},"categories":[27],"tags":[],"class_list":["post-38835","post","type-post","status-publish","format-standard","has-post-thumbnail","hentry","category-seguridad-publica"],"_links":{"self":[{"href":"https:\/\/www.interaccionnoticias.com.mx\/index.php?rest_route=\/wp\/v2\/posts\/38835","targetHints":{"allow":["GET"]}}],"collection":[{"href":"https:\/\/www.interaccionnoticias.com.mx\/index.php?rest_route=\/wp\/v2\/posts"}],"about":[{"href":"https:\/\/www.interaccionnoticias.com.mx\/index.php?rest_route=\/wp\/v2\/types\/post"}],"author":[{"embeddable":true,"href":"https:\/\/www.interaccionnoticias.com.mx\/index.php?rest_route=\/wp\/v2\/users\/19"}],"replies":[{"embeddable":true,"href":"https:\/\/www.interaccionnoticias.com.mx\/index.php?rest_route=%2Fwp%2Fv2%2Fcomments&post=38835"}],"version-history":[{"count":0,"href":"https:\/\/www.interaccionnoticias.com.mx\/index.php?rest_route=\/wp\/v2\/posts\/38835\/revisions"}],"wp:featuredmedia":[{"embeddable":true,"href":"https:\/\/www.interaccionnoticias.com.mx\/index.php?rest_route=\/wp\/v2\/media\/38979"}],"wp:attachment":[{"href":"https:\/\/www.interaccionnoticias.com.mx\/index.php?rest_route=%2Fwp%2Fv2%2Fmedia&parent=38835"}],"wp:term":[{"taxonomy":"category","embeddable":true,"href":"https:\/\/www.interaccionnoticias.com.mx\/index.php?rest_route=%2Fwp%2Fv2%2Fcategories&post=38835"},{"taxonomy":"post_tag","embeddable":true,"href":"https:\/\/www.interaccionnoticias.com.mx\/index.php?rest_route=%2Fwp%2Fv2%2Ftags&post=38835"}],"curies":[{"name":"wp","href":"https:\/\/api.w.org\/{rel}","templated":true}]}}