{"id":38831,"date":"2021-12-09T19:31:25","date_gmt":"2021-12-10T01:31:25","guid":{"rendered":"http:\/\/www.inter-accion.com.mx\/?p=38831"},"modified":"2021-12-09T19:31:25","modified_gmt":"2021-12-10T01:31:25","slug":"38831","status":"publish","type":"post","link":"https:\/\/www.interaccionnoticias.com.mx\/?p=38831","title":{"rendered":"Evento en el que apareci\u00f3 \u201cEl Nene Granados\u201d no fue partidista, dice exdirigente estatal del PRD"},"content":{"rendered":"\n<p><em><strong>&#8212; Carlos Reyes Torres admite que fue invitado a la inauguraci\u00f3n de una casa de gesti\u00f3n, pero no lleg\u00f3 por m\u00faltiples ocupaciones<\/strong><\/em><\/p>\n\n\n\n<p><strong>Rogelio Agust\u00edn<\/strong><\/p>\n\n\n\n<p>El exdirigente estatal del PRD, Carlos Reyes Torres sostuvo que la reuni\u00f3n en la que apareci\u00f3 p\u00fablicamente Rub\u00e9n \u201cEl Nene Granados\u201d Vargas no fue una actividad partidaria, m\u00e1s bien, se trata de la apertura de la casa de gesti\u00f3n de un regidor, a la que se hizo una invitaci\u00f3n abierta y por lo tanto llegaron quienes quisieron, sin que existiera un control para el acceso.<\/p>\n\n\n\n<p>Reyes Torres, quien actualmente es diputado por el distrito XII, correspondiente a la Costa Grande de Guerrero, se\u00f1al\u00f3 que conoce el nombre de Rub\u00e9n Granados y por los medios ha tenido algunas referencias informativas sobre sus presuntas actividades, pero admite que nunca ha profundizado en los detalles.<\/p>\n\n\n\n<p>Incluso, se\u00f1ala que f\u00edsicamente no conoce al \u201cNene\u201d y que si bien fue invitado para acompa\u00f1ar al regidor Martin Antonio R\u00edos Ayala en la inauguraci\u00f3n de su casa de gesti\u00f3n, no pudo acompa\u00f1arlo por las tareas que actualmente desempe\u00f1a en el Congreso, donde se discute el presupuesto 2022, se analizan las leyes de ingresos de los municipios y est\u00e1 por llegar la terna de aspirantes a la Fiscal\u00eda General del Estado (FGE).<\/p>\n\n\n\n<p>Reyes Torres consider\u00f3 importante precisar que la del 8 de diciembre en Tecpan no es una actividad partidista, de tal suerte que las implicaciones de la misma no pueden afectar al partido del sol azteca ni a la Alternativa Democr\u00e1tica Guerrerense (ADG), expresi\u00f3n pol\u00edtica a la que s\u00ed pertenece el regidor R\u00edos Ayala, pero no todos los que acudieron.<\/p>\n","protected":false},"excerpt":{"rendered":"<p>&#8212; Carlos Reyes Torres admite que fue invitado a la inauguraci\u00f3n de una casa de gesti\u00f3n, pero no lleg\u00f3 por m\u00faltiples ocupaciones Rogelio Agust\u00edn El exdirigente estatal del PRD, Carlos&hellip; <\/p>\n","protected":false},"author":21,"featured_media":38978,"comment_status":"open","ping_status":"open","sticky":false,"template":"","format":"standard","meta":{"fifu_image_url":"","fifu_image_alt":"","footnotes":""},"categories":[18],"tags":[],"class_list":["post-38831","post","type-post","status-publish","format-standard","has-post-thumbnail","hentry","category-partidos-politicos"],"_links":{"self":[{"href":"https:\/\/www.interaccionnoticias.com.mx\/index.php?rest_route=\/wp\/v2\/posts\/38831","targetHints":{"allow":["GET"]}}],"collection":[{"href":"https:\/\/www.interaccionnoticias.com.mx\/index.php?rest_route=\/wp\/v2\/posts"}],"about":[{"href":"https:\/\/www.interaccionnoticias.com.mx\/index.php?rest_route=\/wp\/v2\/types\/post"}],"author":[{"embeddable":true,"href":"https:\/\/www.interaccionnoticias.com.mx\/index.php?rest_route=\/wp\/v2\/users\/21"}],"replies":[{"embeddable":true,"href":"https:\/\/www.interaccionnoticias.com.mx\/index.php?rest_route=%2Fwp%2Fv2%2Fcomments&post=38831"}],"version-history":[{"count":0,"href":"https:\/\/www.interaccionnoticias.com.mx\/index.php?rest_route=\/wp\/v2\/posts\/38831\/revisions"}],"wp:featuredmedia":[{"embeddable":true,"href":"https:\/\/www.interaccionnoticias.com.mx\/index.php?rest_route=\/wp\/v2\/media\/38978"}],"wp:attachment":[{"href":"https:\/\/www.interaccionnoticias.com.mx\/index.php?rest_route=%2Fwp%2Fv2%2Fmedia&parent=38831"}],"wp:term":[{"taxonomy":"category","embeddable":true,"href":"https:\/\/www.interaccionnoticias.com.mx\/index.php?rest_route=%2Fwp%2Fv2%2Fcategories&post=38831"},{"taxonomy":"post_tag","embeddable":true,"href":"https:\/\/www.interaccionnoticias.com.mx\/index.php?rest_route=%2Fwp%2Fv2%2Ftags&post=38831"}],"curies":[{"name":"wp","href":"https:\/\/api.w.org\/{rel}","templated":true}]}}