{"id":38815,"date":"2021-12-09T15:16:00","date_gmt":"2021-12-09T21:16:00","guid":{"rendered":"http:\/\/www.inter-accion.com.mx\/?p=38815"},"modified":"2021-12-09T15:16:00","modified_gmt":"2021-12-09T21:16:00","slug":"38815","status":"publish","type":"post","link":"https:\/\/www.interaccionnoticias.com.mx\/?p=38815","title":{"rendered":"Se investiga se\u00f1alamiento en contra de subsecretario de Seguridad"},"content":{"rendered":"\n<p><strong><em>&#8211; En mantas colocadas por grupos criminales, lo acusan de operar a favor de antag\u00f3nicos<\/em><\/strong><\/p>\n\n\n\n<p><strong>Jes\u00fas Dorantes<\/strong><\/p>\n\n\n\n<p><strong>Chilpancingo , Gro.- <\/strong>La Secretar\u00eda de Seguridad P\u00fablica (SSP) s\u00ed investiga los se\u00f1alamientos dirigidos en contra el subsecretario de Seguridad p\u00fablica del Estado, Irving Jim\u00e9nez S\u00e1nchez, en mantas que fueron colgadas por supuestos integrantes del crimen organizado.<\/p>\n\n\n\n<p>Evelio M\u00e9ndez G\u00f3mez, titular de la SSP, refiri\u00f3 que por medio del \u00e1rea de asuntos internos ya comenzaron los trabajos al respecto.<\/p>\n\n\n\n<p>El fin de semana, un grupo delictivo acus\u00f3 al subsecretario Jim\u00e9nez S\u00e1nchez de colaborar con una organizaci\u00f3n antag\u00f3nica, por lo que reclam\u00f3 que se le investigue.<\/p>\n\n\n\n<p>M\u00e9ndez G\u00f3mez refiri\u00f3 al respecto que ese tipo de acusaciones \u00abson cosas que sacan los detractores de este nuevo gobierno o de estos grupos porque ven afectados sus intereses\u00bb.<\/p>\n\n\n\n<p>Ah pregunta expresa sobre la posible separaci\u00f3n del cargo del subsecretario, el titular de la SSP respondi\u00f3 que s\u00ed existe una investigaci\u00f3n en asuntos internos de la dependencia.<\/p>\n\n\n\n<p>Sin embargo, destac\u00f3 que no existe hasta el momento la comprobaci\u00f3n de que el funcionario aludido tenga nexos con alg\u00fan grupo delictivo, por lo que no existe la posibilidad de la destituci\u00f3n.<\/p>\n\n\n\n<p>Agreg\u00f3: \u00abCuando se trabaja y se hace hacia intereses de otros grupos, pues es l\u00f3gico que haya respuesta\u00bb.<\/p>\n","protected":false},"excerpt":{"rendered":"<p>&#8211; En mantas colocadas por grupos criminales, lo acusan de operar a favor de antag\u00f3nicos Jes\u00fas Dorantes Chilpancingo , Gro.- La Secretar\u00eda de Seguridad P\u00fablica (SSP) s\u00ed investiga los se\u00f1alamientos&hellip; <\/p>\n","protected":false},"author":8,"featured_media":38975,"comment_status":"open","ping_status":"open","sticky":false,"template":"","format":"standard","meta":{"fifu_image_url":"","fifu_image_alt":"","footnotes":""},"categories":[27],"tags":[],"class_list":["post-38815","post","type-post","status-publish","format-standard","has-post-thumbnail","hentry","category-seguridad-publica"],"_links":{"self":[{"href":"https:\/\/www.interaccionnoticias.com.mx\/index.php?rest_route=\/wp\/v2\/posts\/38815","targetHints":{"allow":["GET"]}}],"collection":[{"href":"https:\/\/www.interaccionnoticias.com.mx\/index.php?rest_route=\/wp\/v2\/posts"}],"about":[{"href":"https:\/\/www.interaccionnoticias.com.mx\/index.php?rest_route=\/wp\/v2\/types\/post"}],"author":[{"embeddable":true,"href":"https:\/\/www.interaccionnoticias.com.mx\/index.php?rest_route=\/wp\/v2\/users\/8"}],"replies":[{"embeddable":true,"href":"https:\/\/www.interaccionnoticias.com.mx\/index.php?rest_route=%2Fwp%2Fv2%2Fcomments&post=38815"}],"version-history":[{"count":0,"href":"https:\/\/www.interaccionnoticias.com.mx\/index.php?rest_route=\/wp\/v2\/posts\/38815\/revisions"}],"wp:featuredmedia":[{"embeddable":true,"href":"https:\/\/www.interaccionnoticias.com.mx\/index.php?rest_route=\/wp\/v2\/media\/38975"}],"wp:attachment":[{"href":"https:\/\/www.interaccionnoticias.com.mx\/index.php?rest_route=%2Fwp%2Fv2%2Fmedia&parent=38815"}],"wp:term":[{"taxonomy":"category","embeddable":true,"href":"https:\/\/www.interaccionnoticias.com.mx\/index.php?rest_route=%2Fwp%2Fv2%2Fcategories&post=38815"},{"taxonomy":"post_tag","embeddable":true,"href":"https:\/\/www.interaccionnoticias.com.mx\/index.php?rest_route=%2Fwp%2Fv2%2Ftags&post=38815"}],"curies":[{"name":"wp","href":"https:\/\/api.w.org\/{rel}","templated":true}]}}