{"id":38695,"date":"2021-12-07T19:04:02","date_gmt":"2021-12-08T01:04:02","guid":{"rendered":"http:\/\/www.inter-accion.com.mx\/?p=38695"},"modified":"2021-12-19T19:16:56","modified_gmt":"2021-12-20T01:16:56","slug":"38695","status":"publish","type":"post","link":"https:\/\/www.interaccionnoticias.com.mx\/?p=38695","title":{"rendered":"Alcalde sostiene que Huitzuco est\u00e1 recuperando la tranquilidad"},"content":{"rendered":"\n<p><strong><em>&#8211; La gente ya sale a las calles por las noches, los negocios cierran m\u00e1s tarde y se estabiliz\u00f3 el precio de la tortilla<\/em><\/strong><\/p>\n\n\n\n<p><strong>Rogelio Agust\u00edn<\/strong><\/p>\n\n\n\n<p>El alcalde de Huitzuco de los Figueroa, Eder N\u00e1jera N\u00e1jera sostuvo que la vigilancia implementada por el Estado y la Federaci\u00f3n ha disminuido la violencia en dicho municipio, pues parece que los grupos delictivos han \u201cpausado\u201d su confrontaci\u00f3n, lo que ha permitido que poco a poco, se recupere la tranquilidad.<\/p>\n\n\n\n<p>Como prueba de que la tensi\u00f3n social ha bajado, se\u00f1al\u00f3 que la gente comienza a transitar m\u00e1s all\u00e1 de las 18 horas, los negocios abren durante m\u00e1s tiempo y el precio de la tortilla se estabiliz\u00f3.<\/p>\n\n\n\n<p>En Chilpancingo, el jefe de Cabildo coment\u00f3 que el operativo implementado por la Polic\u00eda del Estado, la Guardia Nacional, Marina Armada y personal del Ej\u00e9rcito Mexicano ha tenido buenos resultados.<\/p>\n\n\n\n<p>\u201cLa verdad es que s\u00ed funcion\u00f3 la estrategia que se realiz\u00f3, hoy no hemos tenido incidencia delictiva activa, seguramente pasiva s\u00ed hay, sin embargo no se ve tan exponencial\u201d, dijo en las inmediaciones del Congreso local.<\/p>\n\n\n\n<p>Record\u00f3 que durante \u201clos d\u00edas complicados\u201d se ve\u00eda que todo marchaba normal en la cabecera municipal, sin embargo, despu\u00e9s de las 18:00 horas, \u201cla gente comenzaba a resguardarse en sus viviendas\u201d, lo que propici\u00f3 la versi\u00f3n del famoso toque de queda impuesto por los delincuentes.<\/p>\n\n\n\n<p>\u201cHoy cada vez m\u00e1s, a partir de la presencia de las fuerzas estatales y federales, con esa proximidad y cercan\u00eda que tienen con el municipio, se ha retomado ya la vida poco a poco a la normalidad\u201d.<\/p>\n\n\n\n<p>Lament\u00f3 que a partir de la exageraci\u00f3n de algunas informaciones, principalmente propagadas en redes sociales, se haya generado la percepci\u00f3n de un toque de queda en Huitzuco.<\/p>\n\n\n\n<p>Pese a lo complicado que lleg\u00f3 a tornarse el ambiente en su municipio, Eder N\u00e1jera sostiene que la situaci\u00f3n ha mejorado y prueba de ello es que no ha considerado la necesidad de requerir la asignaci\u00f3n de medidas cautelares.<\/p>\n\n\n\n<p>Explic\u00f3: \u201cAqu\u00ed lo que hubo fue una confrontaci\u00f3n de dos grupos delictivos, lo que se recrudeci\u00f3 cuando se les impidi\u00f3 seguir pele\u00e1ndose en iguala, agarraron de escenario Iguala, a partir de la estrategia que dise\u00f1a el Gobierno Federal y el del Estado pues agarran el ring m\u00e1s cercano y fue Huitzuco\u201d.<\/p>\n\n\n\n<p>Hoy, a partir de la vigilancia, indic\u00f3 que todo parece indicar que la violencia se ha pausado y podr\u00eda mudarse hacia otro lugar, aunque lo deseable es que la pausa en las actividades de violencia prevalezca.<\/p>\n\n\n\n<p>Coment\u00f3 que a partir del lunes 6 de junio las clases ya se reactivaron en las escuelas de la cabecera municipal.<\/p>\n\n\n\n<p>En cuanto a los negocios, dijo que ya mantienen abierto por m\u00e1s tiempo y los empresarios de la localidad tambi\u00e9n est\u00e1n recuperando la confianza.<\/p>\n\n\n\n<p>Incluso, el precio de la tortilla, que era controlado por los delincuentes ya se estabiliz\u00f3, lo que a permitido que no sea tan caro para los consumidores.<\/p>\n\n\n\n<p>Huitzuco tiene en su cabecera municipal y un aproximado de 20 mil habitantes y 20 mil m\u00e1s se distribuyen en su zona rural, es paso obligado para llegar desde Iguala hacia municipios como Copalillo, Atenango del R\u00edo y Olinal\u00e1.<\/p>\n","protected":false},"excerpt":{"rendered":"<p>&#8211; La gente ya sale a las calles por las noches, los negocios cierran m\u00e1s tarde y se estabiliz\u00f3 el precio de la tortilla Rogelio Agust\u00edn El alcalde de Huitzuco&hellip; <\/p>\n","protected":false},"author":21,"featured_media":38698,"comment_status":"open","ping_status":"open","sticky":false,"template":"","format":"standard","meta":{"fifu_image_url":"","fifu_image_alt":"","footnotes":""},"categories":[27],"tags":[],"class_list":["post-38695","post","type-post","status-publish","format-standard","has-post-thumbnail","hentry","category-seguridad-publica"],"_links":{"self":[{"href":"https:\/\/www.interaccionnoticias.com.mx\/index.php?rest_route=\/wp\/v2\/posts\/38695","targetHints":{"allow":["GET"]}}],"collection":[{"href":"https:\/\/www.interaccionnoticias.com.mx\/index.php?rest_route=\/wp\/v2\/posts"}],"about":[{"href":"https:\/\/www.interaccionnoticias.com.mx\/index.php?rest_route=\/wp\/v2\/types\/post"}],"author":[{"embeddable":true,"href":"https:\/\/www.interaccionnoticias.com.mx\/index.php?rest_route=\/wp\/v2\/users\/21"}],"replies":[{"embeddable":true,"href":"https:\/\/www.interaccionnoticias.com.mx\/index.php?rest_route=%2Fwp%2Fv2%2Fcomments&post=38695"}],"version-history":[{"count":1,"href":"https:\/\/www.interaccionnoticias.com.mx\/index.php?rest_route=\/wp\/v2\/posts\/38695\/revisions"}],"predecessor-version":[{"id":39391,"href":"https:\/\/www.interaccionnoticias.com.mx\/index.php?rest_route=\/wp\/v2\/posts\/38695\/revisions\/39391"}],"wp:featuredmedia":[{"embeddable":true,"href":"https:\/\/www.interaccionnoticias.com.mx\/index.php?rest_route=\/wp\/v2\/media\/38698"}],"wp:attachment":[{"href":"https:\/\/www.interaccionnoticias.com.mx\/index.php?rest_route=%2Fwp%2Fv2%2Fmedia&parent=38695"}],"wp:term":[{"taxonomy":"category","embeddable":true,"href":"https:\/\/www.interaccionnoticias.com.mx\/index.php?rest_route=%2Fwp%2Fv2%2Fcategories&post=38695"},{"taxonomy":"post_tag","embeddable":true,"href":"https:\/\/www.interaccionnoticias.com.mx\/index.php?rest_route=%2Fwp%2Fv2%2Ftags&post=38695"}],"curies":[{"name":"wp","href":"https:\/\/api.w.org\/{rel}","templated":true}]}}