{"id":38684,"date":"2021-12-07T17:37:00","date_gmt":"2021-12-07T23:37:00","guid":{"rendered":"http:\/\/www.inter-accion.com.mx\/?p=38684"},"modified":"2021-12-19T20:56:33","modified_gmt":"2021-12-20T02:56:33","slug":"38684","status":"publish","type":"post","link":"https:\/\/www.interaccionnoticias.com.mx\/?p=38684","title":{"rendered":"Pide PRI transparencia en el proceso de selecci\u00f3n del nuevo Fiscal"},"content":{"rendered":"\n<p><strong><em>&#8211; H\u00e9ctor Apreza Patr\u00f3n promover\u00e1 que las comparecencias de la terna que enviar\u00e1 la gobernadora sean p\u00fablicas, para que la sociedad conozca el desempe\u00f1o de los aspirantes y el nivel de conocimiento del \u00e1rea<br>&#8211; Saluda que la gobernadora haya decidido enviar la terna de aspirantes al Congreso<\/em><\/strong><\/p>\n\n\n\n<p><strong>Rogelio Agust\u00edn<\/strong><\/p>\n\n\n\n<p>El coordinador de los diputados locales del PRI, H\u00e9ctor Apreza Patr\u00f3n asever\u00f3 que transparentar el proceso de designaci\u00f3n del titular de la Fiscal\u00eda general del Estado (FGE) evitar\u00e1 cualquier tipo de sospecha respecto a la intromisi\u00f3n de factores externos a los poderes p\u00fablicos, incluso, dar\u00e1 fortaleza y un mayor margen de legitimidad ante la poblaci\u00f3n.<\/p>\n\n\n\n<p>Apreza Patr\u00f3n record\u00f3 que el proceso de designaci\u00f3n de la, o el fiscal del Estado es un proceso compartido entre el Poder Legislativo y el Ejecutivo locales, en el que los diputados ya hicieron la parte que les corresponde al enviar la relaci\u00f3n correspondiente a la gobernadora Evelyn Salgado Pineda, ahora ella tiene el mandato constitucional de regresar una terna.<\/p>\n\n\n\n<p>Indic\u00f3: \u201cMe da me da mucho gusto que ella haya tomado la decisi\u00f3n de estar emitiendo la terna, porque demuestra su respeto a la Constituci\u00f3n, respeto a la ley y eso es un asunto importante, celebro que cada uno de los actores p\u00fablicos estemos actuando hasta este momento en el marco de lo que marca nuestra constituci\u00f3n; no hacerlo as\u00ed ser\u00eda una omisi\u00f3n que pudiera tipificarse como grave\u201d.<\/p>\n\n\n\n<p>Agreg\u00f3 que la Fiscal\u00eda General del Estado (FGE) juega un papel central no solo en la procuraci\u00f3n de justicia, tambi\u00e9n se convierte en un elemento fundamental para la gobernabilidad y la estabilidad social, al menos para el caso de Guerrero, particularmente por las situaciones que se viven desde las \u00faltimas semanas.<\/p>\n\n\n\n<p><strong>Que las comparecencias sean abiertas<\/strong><\/p>\n\n\n\n<p>Una vez que la gobernadora haga llegar la terna conocedores del Derecho que considere, puede estar al frente de la FGE, los diputados habr\u00e1n de programar una serie de comparecencias, para conocer el proyecto que cada uno de ellos tiene para la instituci\u00f3n.<\/p>\n\n\n\n<p>En esa parte, Apreza Patr\u00f3n anticip\u00f3 que propondr\u00e1 que dichas comparecencias sean p\u00fablicas y sean abiertas para la sociedad.<\/p>\n\n\n\n<p>\u201cVamos a pedir que sean transmitidas, de manera tal que la propia ciudadan\u00eda est\u00e9 pendiente de este proceso que es muy importante, para que pueda conocer el desempe\u00f1o de los aspirantes durante loa etapa de exposici\u00f3n y cuando se les cuestione\u201d, anot\u00f3.<\/p>\n\n\n\n<p>Agreg\u00f3 que \u201cHoy por hoy, el Congreso del Estado tiene la gran responsabilidad de poner su grano de arena en la Procuraci\u00f3n de Justicia, esto como lo lograr\u00e1 a trav\u00e9s de elegir de la terna que envi\u00e9 la gobernadora, a aquella persona que consideremos que re\u00fane las mayores caracter\u00edsticas para ocupar el puesto\u201d.<\/p>\n\n\n\n<p>Reconoci\u00f3 que el tema se encuentra en el ojo de la opini\u00f3n p\u00fablica, por lo que habr\u00e1 argumentos en pro y contra en cualquiera de la persona que el Congreso designe, porque sin duda, es una posici\u00f3n muy importante y muy buscada por muchos actores.<\/p>\n\n\n\n<p>Por esa raz\u00f3n, indic\u00f3 que el Congreso est\u00e1 llamado a manejarse con seriedad y responsabilidad.<\/p>\n\n\n\n<p>En la medida en que se proceda con transparencia, dijo que se tendr\u00e1 un margen mayor de legitimidad para la persona que quede al frente de la FGE, puede ser una mujer o un var\u00f3n, pero debe contar con el respaldo de los poderes p\u00fablicos y la confianza de la sociedad, por la importancia del cargo que se pretende desempe\u00f1ar.<\/p>\n\n\n\n<p>Reconoci\u00f3 que es atinado que la gobernadora haya decidido asumir su rol en el procedimiento que est\u00e1 en curso, lo que implica que el asunto quede debidamente afianzado en lo que corresponde al respeto a la Constituci\u00f3n Pol\u00edtica del Estado.<\/p>\n\n\n\n<p>\u201cLas obligaciones constitucionales no las podemos omitir, no son opcionales como servidores p\u00fablicos tenemos la obligaci\u00f3n de actuar conforme al mandato constitucional y vuelvo a insistir, no es una injerencia de la gobernadora, as\u00ed lo establece la Constituci\u00f3n\u201d, apunt\u00f3.<\/p>\n","protected":false},"excerpt":{"rendered":"<p>&#8211; H\u00e9ctor Apreza Patr\u00f3n promover\u00e1 que las comparecencias de la terna que enviar\u00e1 la gobernadora sean p\u00fablicas, para que la sociedad conozca el desempe\u00f1o de los aspirantes y el nivel&hellip; <\/p>\n","protected":false},"author":21,"featured_media":38686,"comment_status":"open","ping_status":"open","sticky":false,"template":"","format":"standard","meta":{"fifu_image_url":"","fifu_image_alt":"","footnotes":""},"categories":[2],"tags":[],"class_list":["post-38684","post","type-post","status-publish","format-standard","has-post-thumbnail","hentry","category-congreso"],"_links":{"self":[{"href":"https:\/\/www.interaccionnoticias.com.mx\/index.php?rest_route=\/wp\/v2\/posts\/38684","targetHints":{"allow":["GET"]}}],"collection":[{"href":"https:\/\/www.interaccionnoticias.com.mx\/index.php?rest_route=\/wp\/v2\/posts"}],"about":[{"href":"https:\/\/www.interaccionnoticias.com.mx\/index.php?rest_route=\/wp\/v2\/types\/post"}],"author":[{"embeddable":true,"href":"https:\/\/www.interaccionnoticias.com.mx\/index.php?rest_route=\/wp\/v2\/users\/21"}],"replies":[{"embeddable":true,"href":"https:\/\/www.interaccionnoticias.com.mx\/index.php?rest_route=%2Fwp%2Fv2%2Fcomments&post=38684"}],"version-history":[{"count":1,"href":"https:\/\/www.interaccionnoticias.com.mx\/index.php?rest_route=\/wp\/v2\/posts\/38684\/revisions"}],"predecessor-version":[{"id":39418,"href":"https:\/\/www.interaccionnoticias.com.mx\/index.php?rest_route=\/wp\/v2\/posts\/38684\/revisions\/39418"}],"wp:featuredmedia":[{"embeddable":true,"href":"https:\/\/www.interaccionnoticias.com.mx\/index.php?rest_route=\/wp\/v2\/media\/38686"}],"wp:attachment":[{"href":"https:\/\/www.interaccionnoticias.com.mx\/index.php?rest_route=%2Fwp%2Fv2%2Fmedia&parent=38684"}],"wp:term":[{"taxonomy":"category","embeddable":true,"href":"https:\/\/www.interaccionnoticias.com.mx\/index.php?rest_route=%2Fwp%2Fv2%2Fcategories&post=38684"},{"taxonomy":"post_tag","embeddable":true,"href":"https:\/\/www.interaccionnoticias.com.mx\/index.php?rest_route=%2Fwp%2Fv2%2Ftags&post=38684"}],"curies":[{"name":"wp","href":"https:\/\/api.w.org\/{rel}","templated":true}]}}