{"id":38636,"date":"2021-12-06T16:24:07","date_gmt":"2021-12-06T22:24:07","guid":{"rendered":"http:\/\/www.inter-accion.com.mx\/?p=38636"},"modified":"2021-12-19T21:01:23","modified_gmt":"2021-12-20T03:01:23","slug":"38636","status":"publish","type":"post","link":"https:\/\/www.interaccionnoticias.com.mx\/?p=38636","title":{"rendered":"En Acapulco, baja afluencia de j\u00f3venes a la vacuna"},"content":{"rendered":"\n<p><strong><em>&#8211; Apenas mil 300 al mediod\u00eda en la UDA<br>&#8211; Se dispusieron cuatro mil vacunas Pfizer<\/em><\/strong><\/p>\n\n\n\n<p><strong>Javier Trujillo<\/strong><\/p>\n\n\n\n<p><strong>Acapulco, Gro. \u2013<\/strong> Desde temprano cientos de j\u00f3venes sin comorbilidades y con edades de 15 a 17 a\u00f1os de edad acudieron a aplicarse la vacuna anti Covid-19, que la Secretar\u00eda del Bienestar dispuso para cuatro mil adolescentes.<\/p>\n\n\n\n<p>Aunque el proceso avanzo lentamente, se estima que este lunes deber\u00e1 aplicarse el biol\u00f3gico a cuatro mil adolescentes.<\/p>\n\n\n\n<p>En un primer corte al mediod\u00eda hab\u00edan acudido a la Unidad Deportiva Acapulco, ubicada en la colonia Progreso, mil 300 adolescentes, de las cuatro mil vacunas que se dispusieron para las primeras letras del abecedario.<\/p>\n\n\n\n<p>Desde temprano se observaron largas filas, mismas que fueron coordinando el personal de Salud y los Servidores de la Naci\u00f3n.<\/p>\n\n\n\n<p>Este lunes la jornada de vacunaci\u00f3n en una primera dosis del biol\u00f3gico ser\u00e1 de Pfizer, para los j\u00f3venes adolescentes, en la UDA.<\/p>\n\n\n\n<p>Alrededor de las 06:00 horas, la ma\u00f1ana de este lunes, cientos de adolescentes en compa\u00f1\u00eda de sus padres o alg\u00fan familiar, empezaron a llegar a las instalaciones de la UDA, y estuvieron a la espera de ingresar al \u00e1rea de vacunaci\u00f3n y recibir la primera dosis de la vacuna.<\/p>\n\n\n\n<p>De acuerdo con las autoridades de la Secretar\u00eda del Bienestar aplicaci\u00f3n del biol\u00f3gico inici\u00f3 a las 9 de la ma\u00f1ana con la primera dosis de Pfizer el cual ser\u00e1 para quienes tengan apellido paterno con la letra \u201cA\u201d.<\/p>\n\n\n\n<p>Despu\u00e9s ser\u00e1n los apellidos con las letras \u201cB\u201d y \u201cC\u201d, de acuerdo al calendario a partir del martes, el mi\u00e9rcoles ser\u00e1n las letras D, E, F, G, H, I, J y la letra K. Para el d\u00eda jueves los apellidos que inician con las letras L, M, N, O y P y el viernes se finalizar\u00e1 con las letras Q, R, S, T, U, V, X, Y y Z.<\/p>\n","protected":false},"excerpt":{"rendered":"<p>&#8211; Apenas mil 300 al mediod\u00eda en la UDA&#8211; Se dispusieron cuatro mil vacunas Pfizer Javier Trujillo Acapulco, Gro. \u2013 Desde temprano cientos de j\u00f3venes sin comorbilidades y con edades&hellip; <\/p>\n","protected":false},"author":3,"featured_media":38638,"comment_status":"open","ping_status":"open","sticky":false,"template":"","format":"standard","meta":{"fifu_image_url":"","fifu_image_alt":"","footnotes":""},"categories":[3],"tags":[],"class_list":["post-38636","post","type-post","status-publish","format-standard","has-post-thumbnail","hentry","category-covid-19"],"_links":{"self":[{"href":"https:\/\/www.interaccionnoticias.com.mx\/index.php?rest_route=\/wp\/v2\/posts\/38636","targetHints":{"allow":["GET"]}}],"collection":[{"href":"https:\/\/www.interaccionnoticias.com.mx\/index.php?rest_route=\/wp\/v2\/posts"}],"about":[{"href":"https:\/\/www.interaccionnoticias.com.mx\/index.php?rest_route=\/wp\/v2\/types\/post"}],"author":[{"embeddable":true,"href":"https:\/\/www.interaccionnoticias.com.mx\/index.php?rest_route=\/wp\/v2\/users\/3"}],"replies":[{"embeddable":true,"href":"https:\/\/www.interaccionnoticias.com.mx\/index.php?rest_route=%2Fwp%2Fv2%2Fcomments&post=38636"}],"version-history":[{"count":1,"href":"https:\/\/www.interaccionnoticias.com.mx\/index.php?rest_route=\/wp\/v2\/posts\/38636\/revisions"}],"predecessor-version":[{"id":39429,"href":"https:\/\/www.interaccionnoticias.com.mx\/index.php?rest_route=\/wp\/v2\/posts\/38636\/revisions\/39429"}],"wp:featuredmedia":[{"embeddable":true,"href":"https:\/\/www.interaccionnoticias.com.mx\/index.php?rest_route=\/wp\/v2\/media\/38638"}],"wp:attachment":[{"href":"https:\/\/www.interaccionnoticias.com.mx\/index.php?rest_route=%2Fwp%2Fv2%2Fmedia&parent=38636"}],"wp:term":[{"taxonomy":"category","embeddable":true,"href":"https:\/\/www.interaccionnoticias.com.mx\/index.php?rest_route=%2Fwp%2Fv2%2Fcategories&post=38636"},{"taxonomy":"post_tag","embeddable":true,"href":"https:\/\/www.interaccionnoticias.com.mx\/index.php?rest_route=%2Fwp%2Fv2%2Ftags&post=38636"}],"curies":[{"name":"wp","href":"https:\/\/api.w.org\/{rel}","templated":true}]}}