{"id":38618,"date":"2021-12-06T11:29:06","date_gmt":"2021-12-06T17:29:06","guid":{"rendered":"http:\/\/www.inter-accion.com.mx\/?p=38618"},"modified":"2021-12-19T21:02:52","modified_gmt":"2021-12-20T03:02:52","slug":"38618","status":"publish","type":"post","link":"https:\/\/www.interaccionnoticias.com.mx\/?p=38618","title":{"rendered":"Trabajadores de la Secretar\u00eda de Salud marchan en la Autopista del Sol"},"content":{"rendered":"\n<p><strong><em>&#8211; Exigen la basificaci\u00f3n de trabajadores de contrato<\/em><\/strong><\/p>\n\n\n\n<p><strong>Rosario Garc\u00eda Orozco&nbsp;<\/strong><\/p>\n\n\n\n<p>Chilpancingo. Gro., 6 de diciembre del 2021.-Trabajadores de la Secretar\u00eda&nbsp;&nbsp;de Salud marchan sobre los carriles norte-sur de la Autopista del Sol,&nbsp;&nbsp;reclaman la basificaci\u00f3n de sus compa\u00f1eros de contrato.<\/p>\n\n\n\n<p>La movilizaci\u00f3n comenz\u00f3 en las instalaciones de la Secretar\u00eda de Salud, ubicadas en la avenida Ruffo Figueroa, en la parte&nbsp;&nbsp;sur de la capital de Guerrero.<\/p>\n\n\n\n<p>Entre los reclamos est\u00e1 la entrega de bases para los trabajadores de contrato, que aseguran, cada que est\u00e1 por vencer el periodo se enfrentan a la incertidumbre de no ser contratados de nueva cuenta, situaci\u00f3n que perjudica a cientos de familias.<\/p>\n\n\n\n<p>El reclamo va dirigido a los gobiernos del Estado y la Federaci\u00f3n para que les den plazas de base.<\/p>\n\n\n\n<p>Los dirigentes se\u00f1alan que hay trabajadores que tienen hasta 12 a\u00f1os bajo el r\u00e9gimen de contratos,&nbsp;&nbsp;sin derecho a ning\u00fan tipo de prestaciomes.<\/p>\n\n\n\n<p>Sostienen que los trabajadores de salud han sido mal valorados, sobre todo porque no se les reconocen sus derechos, a pesar de que durante la pandemia del Covid 19, este sector no ha dejado de trabajar, a pesar de poner en riesgo su salud personal y de sus familias.<\/p>\n\n\n\n<p>La marcha intenta llegar hasta el Parador del Marqu\u00e9s, lugar en el que se podr\u00eda iniciar un bloqueo sobre dicha, con la intenci\u00f3n de ejercer presi\u00f3n para que sean atendidos por autoridades del Gobierno de Guerrero y de la federaci\u00f3n.<\/p>\n","protected":false},"excerpt":{"rendered":"<p>&#8211; Exigen la basificaci\u00f3n de trabajadores de contrato Rosario Garc\u00eda Orozco&nbsp; Chilpancingo. Gro., 6 de diciembre del 2021.-Trabajadores de la Secretar\u00eda&nbsp;&nbsp;de Salud marchan sobre los carriles norte-sur de la Autopista&hellip; <\/p>\n","protected":false},"author":14,"featured_media":38619,"comment_status":"open","ping_status":"open","sticky":false,"template":"","format":"standard","meta":{"fifu_image_url":"","fifu_image_alt":"","footnotes":""},"categories":[26],"tags":[],"class_list":["post-38618","post","type-post","status-publish","format-standard","has-post-thumbnail","hentry","category-salud"],"_links":{"self":[{"href":"https:\/\/www.interaccionnoticias.com.mx\/index.php?rest_route=\/wp\/v2\/posts\/38618","targetHints":{"allow":["GET"]}}],"collection":[{"href":"https:\/\/www.interaccionnoticias.com.mx\/index.php?rest_route=\/wp\/v2\/posts"}],"about":[{"href":"https:\/\/www.interaccionnoticias.com.mx\/index.php?rest_route=\/wp\/v2\/types\/post"}],"author":[{"embeddable":true,"href":"https:\/\/www.interaccionnoticias.com.mx\/index.php?rest_route=\/wp\/v2\/users\/14"}],"replies":[{"embeddable":true,"href":"https:\/\/www.interaccionnoticias.com.mx\/index.php?rest_route=%2Fwp%2Fv2%2Fcomments&post=38618"}],"version-history":[{"count":1,"href":"https:\/\/www.interaccionnoticias.com.mx\/index.php?rest_route=\/wp\/v2\/posts\/38618\/revisions"}],"predecessor-version":[{"id":39433,"href":"https:\/\/www.interaccionnoticias.com.mx\/index.php?rest_route=\/wp\/v2\/posts\/38618\/revisions\/39433"}],"wp:featuredmedia":[{"embeddable":true,"href":"https:\/\/www.interaccionnoticias.com.mx\/index.php?rest_route=\/wp\/v2\/media\/38619"}],"wp:attachment":[{"href":"https:\/\/www.interaccionnoticias.com.mx\/index.php?rest_route=%2Fwp%2Fv2%2Fmedia&parent=38618"}],"wp:term":[{"taxonomy":"category","embeddable":true,"href":"https:\/\/www.interaccionnoticias.com.mx\/index.php?rest_route=%2Fwp%2Fv2%2Fcategories&post=38618"},{"taxonomy":"post_tag","embeddable":true,"href":"https:\/\/www.interaccionnoticias.com.mx\/index.php?rest_route=%2Fwp%2Fv2%2Ftags&post=38618"}],"curies":[{"name":"wp","href":"https:\/\/api.w.org\/{rel}","templated":true}]}}