{"id":38605,"date":"2021-12-05T23:06:16","date_gmt":"2021-12-06T05:06:16","guid":{"rendered":"http:\/\/www.inter-accion.com.mx\/?p=38605"},"modified":"2021-12-19T21:04:13","modified_gmt":"2021-12-20T03:04:13","slug":"38605","status":"publish","type":"post","link":"https:\/\/www.interaccionnoticias.com.mx\/?p=38605","title":{"rendered":"Guerrerenses forman Movimiento Independiente a nivel nacional; buscan reconstruir al PRD desde la izquierda"},"content":{"rendered":"\n<p><strong><em>&#8211; El excandidato a la gubernatura, Evodio Vel\u00e1zquez Aguirre, es el dirigente nacional del nuevo grupo que se present\u00f3 durante el Congreso del sol azteca.<\/em><\/strong><\/p>\n\n\n\n<p><strong>CDMX, Gro., 05 de diciembre de 2021.- <\/strong>Con la meta de reconstruir al Partido de la Revoluci\u00f3n Democr\u00e1tica (PRD) y evitar la p\u00e9rdida de su registro, militantes guerrerenses, as\u00ed como consejeros y delegados de diferentes expresiones de otros Estados del pa\u00eds, conformaron el Movimiento Independiente, una nueva fuerza pol\u00edtica nacional al interior del sol azteca que fue presentada durante el Congreso Nacional por su dirigente Evodio Vel\u00e1zquez Aguirre.<\/p>\n\n\n\n<p>El exalcalde porte\u00f1o, a trav\u00e9s de un pronunciamiento, explic\u00f3 que pidieron a los consejeros y delegados nacionales, \u00abla renovaci\u00f3n de la Direcci\u00f3n Nacional y todos sus \u00f3rganos, la cual debe de ser suplida por perfiles que garanticen confianza y certidumbre a los militantes y simpatizantes y no verla como una agencia de colocaci\u00f3n de familiares o amigos que no tienen el respaldo en el territorio\u00bb.<\/p>\n\n\n\n<p>Asegur\u00f3 que son miles de perredistas \u00abque creen que se debe seguir consolidando la base de nuestra historia y tradici\u00f3n de izquierda, y junto a ella conservar nuestra marca, nuestros colores, nuestro logotipo y nuestro emblema\u00bb.<\/p>\n\n\n\n<p>Por lo que ante la falta de credibilidad de las corrientes nacionales del PRD llam\u00f3 a todos los militantes del pa\u00eds a unirse al reci\u00e9n creado Movimiento Independiente, porque \u00abregresar a los or\u00edgenes que dieron causa al partido, no es ser anacr\u00f3nico, es ser realista, porque es lo que plantea la militancia y la sociedad\u00bb.<\/p>\n\n\n\n<p>Vel\u00e1zquez Aguirre explic\u00f3 que a trav\u00e9s del nuevo grupo \u00abregresaremos al territorio, a organizar al partido en las colonias, comit\u00e9s de base, barrios, municipios y Estados, dando oportunidad a las nuevas generaciones y no siendo obst\u00e1culo para la consolidaci\u00f3n de nuevos liderazgos\u00bb.<\/p>\n\n\n\n<p>Puntualiz\u00f3 que exigir\u00e1n \u00abun cambio en la narrativa de la Direcci\u00f3n Nacional por propuestas y no s\u00f3lo mostrarnos como una oposici\u00f3n contestataria, que de manera sistem\u00e1tica ataca al gobierno en funciones, al contrario, tenemos que enviar mensajes que nos hagan ver como un partido que genera gobernabilidad al pa\u00eds\u00bb.<\/p>\n\n\n\n<p>Y sobre el tema de las alianzas, que tantas cr\u00edticas ha generado el PRD por unirse con el PRI y con el PAN, el exalcalde porte\u00f1o recalc\u00f3 que pidieron que se les delegue la facultad a las direcciones estatales para construir alianzas en sus Estados y municipios; esto permitir\u00e1 que la militancia determine con qui\u00e9n se construyen los acuerdos y no se impongan desde el centro del pa\u00eds\u00bb.<\/p>\n\n\n\n<p>En declaraciones posteriores Evodio Vel\u00e1zquez se\u00f1al\u00f3 que ya son \u00abparte de la historia en el PRD, como constituyentes del Movimiento Independiente\u00bb, por lo que tendr\u00e1n la tarea \u00abde abrir a la sociedad, de convocar a la conformaci\u00f3n de un Frente Ciudadano, de mujeres y hombres de trabajo, j\u00f3venes, movimientos y sectores de la sociedad, hay mucho por hacer\u00bb.<\/p>\n\n\n\n<p>Somos de Guerrero y aqu\u00ed han comenzado las principales transformaciones de M\u00e9xico, vamos a seguir levantando la voz y trabajando muy fuerte, prepar\u00e1ndonos para las batallas venideras.<\/p>\n\n\n\n<p>Finalmente agradeci\u00f3 a los l\u00edderes perredistas del pa\u00eds y de Guerrero que se adhirieron al nuevo grupo, a los dirigentes de Izquierda Progresista Guerrerense, Alberto Catal\u00e1n Bastida; de Movimiento Alternativo Social, Bernardo Ortega Jim\u00e9nez; de Unidad de Izquierda Guerrerense, V\u00edctor Aguirre Alcaide; de Renovaci\u00f3n Guerrero, Perfecto Rosas; de Nueva Mayor\u00eda, Amador Campos Aburto; as\u00ed como a la secretaria general del PRD estatal, Ivet D\u00edaz Bahena y al exgobernador \u00c1ngel Aguirre, \u00abpor su orientaci\u00f3n y respaldo\u00bb.<\/p>\n","protected":false},"excerpt":{"rendered":"<p>&#8211; El excandidato a la gubernatura, Evodio Vel\u00e1zquez Aguirre, es el dirigente nacional del nuevo grupo que se present\u00f3 durante el Congreso del sol azteca. CDMX, Gro., 05 de diciembre&hellip; <\/p>\n","protected":false},"author":19,"featured_media":38606,"comment_status":"open","ping_status":"open","sticky":false,"template":"","format":"standard","meta":{"fifu_image_url":"","fifu_image_alt":"","footnotes":""},"categories":[18],"tags":[],"class_list":["post-38605","post","type-post","status-publish","format-standard","has-post-thumbnail","hentry","category-partidos-politicos"],"_links":{"self":[{"href":"https:\/\/www.interaccionnoticias.com.mx\/index.php?rest_route=\/wp\/v2\/posts\/38605","targetHints":{"allow":["GET"]}}],"collection":[{"href":"https:\/\/www.interaccionnoticias.com.mx\/index.php?rest_route=\/wp\/v2\/posts"}],"about":[{"href":"https:\/\/www.interaccionnoticias.com.mx\/index.php?rest_route=\/wp\/v2\/types\/post"}],"author":[{"embeddable":true,"href":"https:\/\/www.interaccionnoticias.com.mx\/index.php?rest_route=\/wp\/v2\/users\/19"}],"replies":[{"embeddable":true,"href":"https:\/\/www.interaccionnoticias.com.mx\/index.php?rest_route=%2Fwp%2Fv2%2Fcomments&post=38605"}],"version-history":[{"count":1,"href":"https:\/\/www.interaccionnoticias.com.mx\/index.php?rest_route=\/wp\/v2\/posts\/38605\/revisions"}],"predecessor-version":[{"id":39435,"href":"https:\/\/www.interaccionnoticias.com.mx\/index.php?rest_route=\/wp\/v2\/posts\/38605\/revisions\/39435"}],"wp:featuredmedia":[{"embeddable":true,"href":"https:\/\/www.interaccionnoticias.com.mx\/index.php?rest_route=\/wp\/v2\/media\/38606"}],"wp:attachment":[{"href":"https:\/\/www.interaccionnoticias.com.mx\/index.php?rest_route=%2Fwp%2Fv2%2Fmedia&parent=38605"}],"wp:term":[{"taxonomy":"category","embeddable":true,"href":"https:\/\/www.interaccionnoticias.com.mx\/index.php?rest_route=%2Fwp%2Fv2%2Fcategories&post=38605"},{"taxonomy":"post_tag","embeddable":true,"href":"https:\/\/www.interaccionnoticias.com.mx\/index.php?rest_route=%2Fwp%2Fv2%2Ftags&post=38605"}],"curies":[{"name":"wp","href":"https:\/\/api.w.org\/{rel}","templated":true}]}}