{"id":38597,"date":"2021-12-03T15:39:20","date_gmt":"2021-12-03T21:39:20","guid":{"rendered":"http:\/\/www.inter-accion.com.mx\/?p=38597"},"modified":"2021-12-19T21:04:45","modified_gmt":"2021-12-20T03:04:45","slug":"38597","status":"publish","type":"post","link":"https:\/\/www.interaccionnoticias.com.mx\/?p=38597","title":{"rendered":"Atacan a chofer de urbano en la costera"},"content":{"rendered":"\n<p><strong><em>&#8211; Es el cuarto ataque en la franja tur\u00edstica<\/em><\/strong><\/p>\n\n\n\n<p><strong>Javier Trujillo<\/strong><\/p>\n\n\n\n<p><strong>Acapulco, Gro. \u2013<\/strong> El chofer de un cami\u00f3n de pasajeros de la ruta Base-Caleta, en la zona tur\u00edstica, fue baleado y result\u00f3 herido por disparos de arma de grueso calibre, en el puerto de Acapulco.<\/p>\n\n\n\n<p>Los hechos se registraron alrededor de las 10 horas, cuando la unidad con pocos pasajeros fue alcanzada por un veh\u00edculo compacto y le dispararon en m\u00e1s de cinco ocasiones al operador del cami\u00f3n.<\/p>\n\n\n\n<p>El ataque ocurri\u00f3, frente a la playa Tamarindo y las oficinas del peri\u00f3dico Novedades de Acapulco.<\/p>\n\n\n\n<p>Hasta el lugar, acudieron param\u00e9dicos de la Cruz Roja, quienes lo trasladaron al hospital m\u00e1s cercano para su atenci\u00f3n m\u00e9dica.<br>Las heridas de bala, presuntamente no pon\u00edan en riesgo la integridad de la v\u00edctima que, de acuerdo con testigos, no era el chofer de la unidad, sino que se desempe\u00f1aba como chal\u00e1n, es decir ayudante del ch\u00f3fer del cami\u00f3n urbano que brinda un servicio al p\u00fablico en la franja tur\u00edstica.<\/p>\n\n\n\n<p>En una primera instancia, el operador de la unidad, fue atendido en el lugar de la agresi\u00f3n armada y posteriormente fue trasladado para su atenci\u00f3n m\u00e9dica por una ambulancia de la Cruz Roja.<\/p>\n\n\n\n<p>Cabe mencionar que, al inicio de la actual administraci\u00f3n, un cami\u00f3n fue incendiado en la zona de Caleta. D\u00edas despu\u00e9s, el chofer de un cami\u00f3n de pasajeros de la ruta uno, fue asesinado en la costera, frente a la Gran Plaza y la tercera agresi\u00f3n durante los festejos de la feria de la Nao.<\/p>\n","protected":false},"excerpt":{"rendered":"<p>&#8211; Es el cuarto ataque en la franja tur\u00edstica Javier Trujillo Acapulco, Gro. \u2013 El chofer de un cami\u00f3n de pasajeros de la ruta Base-Caleta, en la zona tur\u00edstica, fue&hellip; <\/p>\n","protected":false},"author":3,"featured_media":38596,"comment_status":"open","ping_status":"open","sticky":false,"template":"","format":"standard","meta":{"fifu_image_url":"","fifu_image_alt":"","footnotes":""},"categories":[27],"tags":[],"class_list":["post-38597","post","type-post","status-publish","format-standard","has-post-thumbnail","hentry","category-seguridad-publica"],"_links":{"self":[{"href":"https:\/\/www.interaccionnoticias.com.mx\/index.php?rest_route=\/wp\/v2\/posts\/38597","targetHints":{"allow":["GET"]}}],"collection":[{"href":"https:\/\/www.interaccionnoticias.com.mx\/index.php?rest_route=\/wp\/v2\/posts"}],"about":[{"href":"https:\/\/www.interaccionnoticias.com.mx\/index.php?rest_route=\/wp\/v2\/types\/post"}],"author":[{"embeddable":true,"href":"https:\/\/www.interaccionnoticias.com.mx\/index.php?rest_route=\/wp\/v2\/users\/3"}],"replies":[{"embeddable":true,"href":"https:\/\/www.interaccionnoticias.com.mx\/index.php?rest_route=%2Fwp%2Fv2%2Fcomments&post=38597"}],"version-history":[{"count":1,"href":"https:\/\/www.interaccionnoticias.com.mx\/index.php?rest_route=\/wp\/v2\/posts\/38597\/revisions"}],"predecessor-version":[{"id":39437,"href":"https:\/\/www.interaccionnoticias.com.mx\/index.php?rest_route=\/wp\/v2\/posts\/38597\/revisions\/39437"}],"wp:featuredmedia":[{"embeddable":true,"href":"https:\/\/www.interaccionnoticias.com.mx\/index.php?rest_route=\/wp\/v2\/media\/38596"}],"wp:attachment":[{"href":"https:\/\/www.interaccionnoticias.com.mx\/index.php?rest_route=%2Fwp%2Fv2%2Fmedia&parent=38597"}],"wp:term":[{"taxonomy":"category","embeddable":true,"href":"https:\/\/www.interaccionnoticias.com.mx\/index.php?rest_route=%2Fwp%2Fv2%2Fcategories&post=38597"},{"taxonomy":"post_tag","embeddable":true,"href":"https:\/\/www.interaccionnoticias.com.mx\/index.php?rest_route=%2Fwp%2Fv2%2Ftags&post=38597"}],"curies":[{"name":"wp","href":"https:\/\/api.w.org\/{rel}","templated":true}]}}