{"id":38544,"date":"2021-12-01T19:07:13","date_gmt":"2021-12-02T01:07:13","guid":{"rendered":"http:\/\/www.inter-accion.com.mx\/?p=38544"},"modified":"2021-12-19T21:09:38","modified_gmt":"2021-12-20T03:09:38","slug":"38544","status":"publish","type":"post","link":"https:\/\/www.interaccionnoticias.com.mx\/?p=38544","title":{"rendered":"Abogado de los padres de los 43 tuvo miedo a ser evaluado como aspirante a la Fiscal\u00eda, dice l\u00edder del Congreso"},"content":{"rendered":"\n<p><strong><em>&#8211; Ten\u00eda que presentar su curr\u00edculum y someterse a la evaluaci\u00f3n de 46 diputados, junto a los otros 44 abogados, se\u00f1ala Alfredo S\u00e1nchez Esquivel<\/em><\/strong><\/p>\n\n\n\n<p><strong><em>&#8211; Niega que vayan a nombrar un fiscal a modo del Congreso y del Gobierno, como se\u00f1al\u00f3 el abogado Vidulfo Rosales Sierra<\/em><\/strong><\/p>\n\n\n\n<p><strong><em>&#8211; \u201cNo es lo mismo protestar que demostrar conocimientos t\u00e9cnicos\u201d, se\u00f1ala el tambi\u00e9n coordinador parlamentario de Morena<\/em><\/strong><\/p>\n\n\n\n<p><strong>Rogelio Agust\u00edn<\/strong><\/p>\n\n\n\n<p>El presidente de la Junta de Coordinaci\u00f3n Pol\u00edtica (Jucopo) del Congreso local, Alfredo S\u00e1nchez Esquivel sostuvo que el abogado Vidulfo Rosales Sierra no se registr\u00f3 como aspirante a la Fiscal\u00eda General del Estado (FGE) por miedo a ser evaluado: \u201cPorque ten\u00eda que presentar su curr\u00edculum y demostrar conocimientos; no con marchas, no con gritos ni bloqueos\u201d.<\/p>\n\n\n\n<p>La ma\u00f1ana del martes 30 de noviembre, el abogado de los padres de los 43 encabez\u00f3 una rueda de prensa en la que se desmarc\u00f3 del procedimiento que el Congreso local desahoga, en la ruta de designar a un titular de la FGE, cargo que est\u00e1 vacante desde hace dos semanas.<\/p>\n\n\n\n<p>El abogado Rosales Sierra manifest\u00f3 que de manera evidente, hay un proceso de simulaci\u00f3n en el Congreso y que al final de cuentas, los diputados van a terminar nombrando a un fiscal completamente a modo, que responder\u00e1 a los intereses de los partidos pol\u00edticos y del Gobierno en turno.<\/p>\n\n\n\n<p>El presidente de la Jucopo sostuvo que es respetuoso de las organizaciones sociales, a las que incluso les recibi\u00f3 el documento que presentaron para proponer al abogado Rosales Sierra.<\/p>\n\n\n\n<p>Ese gesto, dijo que le vali\u00f3 ser objeto de cr\u00edticas, porque hubo quienes lo consideraron como inadecuado.<\/p>\n\n\n\n<p>\u201cYo estaba en el Congreso cuando un grupo de organizaciones, con muchas gentes valiosas llegaron con lonas y pancartas apoyando al abogado en menci\u00f3n, nos pidieron que les recibi\u00e9ramos un documento, eso qued\u00f3 evidenciado y yo les dec\u00eda que hac\u00eda falta algo muy importante, que el abogado se registrara\u201d, destac\u00f3.<\/p>\n\n\n\n<p>Si Rosales Sierra no se registraba, indic\u00f3 que entonces el Congreso y la propia titular del Ejecutivo local se quedar\u00edan sin materia de an\u00e1lisis.<\/p>\n\n\n\n<p>La fecha del cierre de registro para los aspirantes a la FGE qued\u00f3 establecida para el 25 de noviembre, la cual lleg\u00f3 sin que el abogado de los padres de los 43 se presentara ante el Congreso local.<\/p>\n\n\n\n<p>El diputado S\u00e1nchez Esquivel tiene su interpretaci\u00f3n de por qu\u00e9 no se llev\u00f3 a cabo dicho registro: \u201cEn muchas ocasiones, hay actores que ante la incapacidad que tienen de someterse a la evaluaci\u00f3n de un Poder, tienden a descalificarlo; No es lo mismo estar juzgando, siendo un opin\u00f3logo constante, a que en un momento de la historia, t\u00fa te coloques en el banquillo para que t\u00fa seas juzgado y evaluado\u201d.<\/p>\n\n\n\n<p>Admiti\u00f3 que hubiera sido interesante que Rosales Sierra presentara su solicitud, para que los 46 representantes populares conocieran su historia curricular y la compararan con los dem\u00e1s aspirantes.<\/p>\n\n\n\n<p>\u201cA lo mejor para algunos su mayor temor es no contar con la capacidad ni con las tablas que permitan aspirar al puesto\u201d, asumi\u00f3.<\/p>\n\n\n\n<p>Y sostuvo: \u201cEsto podr\u00eda dejar evidenciado que no es lo mismo estar reclamando todo el tiempo a tener que demostrar con conocimientos t\u00e9cnicos el dominio de la administraci\u00f3n publica, podr\u00edan quedar evidenciados si a la mejor ni a la terna llegaban, porque aqu\u00ed era curr\u00edculum y evaluaci\u00f3n; no marchas, no gritos ni bloqueos\u201d.<\/p>\n","protected":false},"excerpt":{"rendered":"<p>&#8211; Ten\u00eda que presentar su curr\u00edculum y someterse a la evaluaci\u00f3n de 46 diputados, junto a los otros 44 abogados, se\u00f1ala Alfredo S\u00e1nchez Esquivel &#8211; Niega que vayan a nombrar&hellip; <\/p>\n","protected":false},"author":21,"featured_media":38543,"comment_status":"open","ping_status":"open","sticky":false,"template":"","format":"standard","meta":{"fifu_image_url":"","fifu_image_alt":"","footnotes":""},"categories":[2],"tags":[],"class_list":["post-38544","post","type-post","status-publish","format-standard","has-post-thumbnail","hentry","category-congreso"],"_links":{"self":[{"href":"https:\/\/www.interaccionnoticias.com.mx\/index.php?rest_route=\/wp\/v2\/posts\/38544","targetHints":{"allow":["GET"]}}],"collection":[{"href":"https:\/\/www.interaccionnoticias.com.mx\/index.php?rest_route=\/wp\/v2\/posts"}],"about":[{"href":"https:\/\/www.interaccionnoticias.com.mx\/index.php?rest_route=\/wp\/v2\/types\/post"}],"author":[{"embeddable":true,"href":"https:\/\/www.interaccionnoticias.com.mx\/index.php?rest_route=\/wp\/v2\/users\/21"}],"replies":[{"embeddable":true,"href":"https:\/\/www.interaccionnoticias.com.mx\/index.php?rest_route=%2Fwp%2Fv2%2Fcomments&post=38544"}],"version-history":[{"count":1,"href":"https:\/\/www.interaccionnoticias.com.mx\/index.php?rest_route=\/wp\/v2\/posts\/38544\/revisions"}],"predecessor-version":[{"id":39449,"href":"https:\/\/www.interaccionnoticias.com.mx\/index.php?rest_route=\/wp\/v2\/posts\/38544\/revisions\/39449"}],"wp:featuredmedia":[{"embeddable":true,"href":"https:\/\/www.interaccionnoticias.com.mx\/index.php?rest_route=\/wp\/v2\/media\/38543"}],"wp:attachment":[{"href":"https:\/\/www.interaccionnoticias.com.mx\/index.php?rest_route=%2Fwp%2Fv2%2Fmedia&parent=38544"}],"wp:term":[{"taxonomy":"category","embeddable":true,"href":"https:\/\/www.interaccionnoticias.com.mx\/index.php?rest_route=%2Fwp%2Fv2%2Fcategories&post=38544"},{"taxonomy":"post_tag","embeddable":true,"href":"https:\/\/www.interaccionnoticias.com.mx\/index.php?rest_route=%2Fwp%2Fv2%2Ftags&post=38544"}],"curies":[{"name":"wp","href":"https:\/\/api.w.org\/{rel}","templated":true}]}}