{"id":38539,"date":"2021-12-01T18:15:35","date_gmt":"2021-12-02T00:15:35","guid":{"rendered":"http:\/\/www.inter-accion.com.mx\/?p=38539"},"modified":"2021-12-19T21:09:57","modified_gmt":"2021-12-20T03:09:57","slug":"38539","status":"publish","type":"post","link":"https:\/\/www.interaccionnoticias.com.mx\/?p=38539","title":{"rendered":"Nuevo presidente del TSJ pide respaldo presupuestal al Ejecutivo y Legislativo locales"},"content":{"rendered":"\n<p><strong>&#8211; Al rendir protesta, Raymundo Casarrubias V\u00e1zquez sostuvo que el planteamiento es para hacer m\u00e1s, en la ruta de abatir los rezagos y mejorar lo que se ha logrado<\/strong><\/p>\n\n\n\n<p><strong>&#8211; Juzgar con perspectiva de g\u00e9nero, una de las prioridades, se\u00f1al\u00f3<\/strong><\/p>\n\n\n\n<p><strong>Vianey Ponce<\/strong><\/p>\n\n\n\n<p>Durante su toma de protesta como presidente del Tribunal Superior de Justicia del Estado (TSJ), el magistrado Raymundo Casarrubias V\u00e1zquez llam\u00f3 a los poderes Ejecutivo y Legislativo locales, a respaldar con m\u00e1s presupuesto al Poder Judicial, con la intenci\u00f3n de alcanzar una mayor eficacia, abatir los rezagos y profundizar en la transformaci\u00f3n que se impulsa desde hace varios a\u00f1os.<\/p>\n\n\n\n<p>Al acto de toma de protesta acudieron la gobernadora Evelyn Salgado Pineda y la presidenta de la Mesa Directiva del Congreso local, Flor A\u00f1orve Ocampo.<\/p>\n\n\n\n<p>Tambi\u00e9n estuvo el presidente de la Junta de Coordinaci\u00f3n Pol\u00edtica (JUCOPO) del Congreso, Alfredo S\u00e1nchez Esquivel, el coordinador de los diputados del PRI, H\u00e9ctor Apreza Patr\u00f3n y el perredista Bernardo Ortega Jim\u00e9nez.<\/p>\n\n\n\n<p>En su mensaje, Casarrubias V\u00e1zquez recalc\u00f3 la importancia de que los tres poderes; Ejecutivo, Legislativo y Judicial, trabajen en conjunto para lograr un modelo de justicia a la altura de las circunstancias que se viven en la entidad.<\/p>\n\n\n\n<p>De manera directa y en tres ocasiones se refiri\u00f3 a la Gobernadora Salgado Pineda, para pedirle su apoyo en materia presupuestal, para efecto de desarrollar la agenda que se tiene programada.<\/p>\n\n\n\n<p>El mismo llamado lo extendi\u00f3 a los diputados que integran la 63 Legislatura, que durante las pr\u00f3ximas semanas habr\u00e1n de discutir el presupuesto de egresos 2022.<\/p>\n\n\n\n<p>Recalc\u00f3 que se requiere destinar para para el Poder judicial al menos el 3 por ciento del monto global del presupuesto anual de estado, lo que permitir\u00e1 que el Poder Judicial se vuelva m\u00e1s competitivo, como es el caso del Tribunal de Justicia de Nuevo Le\u00f3n, el cual se\u00f1al\u00f3, recibe m\u00e1s del 3% del presupuesto y es uno de los mejores en el pa\u00eds.<\/p>\n\n\n\n<p>Se\u00f1al\u00f3 que entre los temas prioritarios para mejorar el esquema Judicial se encuentra la capacitaci\u00f3n de jueces, magistrados y personal auxiliar, as\u00ed como la implementaci\u00f3n de la reforma constitucional en materia de justicia laboral, una tarea que calific\u00f3 como \u00aburgente e importante\u00bb.<\/p>\n\n\n\n<p>Otras de las acciones necesarias al seno del Tribunal Superior, sostuvo que es la consolidaci\u00f3n del sistema de justicia penal acusatorio, as\u00ed como mejorar la infraestructura f\u00edsica y tecnol\u00f3gica.<\/p>\n\n\n\n<p>Adem\u00e1s de la creaci\u00f3n de la Segunda Sala Familiar en el Distrito Judicial de Tabares, en el puerto de Acapulco, esto para dar atenci\u00f3n eficaz a las altas cifras de Asuntos relacionados con la justicia familiar.<\/p>\n\n\n\n<p>El representante del Poder Judicial asegur\u00f3 que este es el tiempo de las mujeres, por lo que durante los tres a\u00f1os de permanencia en el cargo, impulsar\u00e1 al interior de la instituci\u00f3n las acciones que permitan fortalecer la Igualdad de g\u00e9nero y se har\u00e1 lo que corresponda, para que las mujeres puedan acceder a la justicia y tambi\u00e9n a los cargos de poder.<\/p>\n\n\n\n<p>As\u00ed mismo, se juzgar\u00e1 con perspectiva de g\u00e9nero lo que dijo: \u00abes una condici\u00f3n b\u00e1sica para el pleno ejercicio de los derechos de las mujeres adolescentes y ni\u00f1as\u00bb, un pendiente que apunt\u00f3; \u00ablacera la conciencia social y exige atenci\u00f3n firme e implacable\u00bb.<\/p>\n","protected":false},"excerpt":{"rendered":"<p>&#8211; Al rendir protesta, Raymundo Casarrubias V\u00e1zquez sostuvo que el planteamiento es para hacer m\u00e1s, en la ruta de abatir los rezagos y mejorar lo que se ha logrado &#8211;&hellip; <\/p>\n","protected":false},"author":20,"featured_media":38541,"comment_status":"open","ping_status":"open","sticky":false,"template":"","format":"standard","meta":{"fifu_image_url":"","fifu_image_alt":"","footnotes":""},"categories":[29],"tags":[],"class_list":["post-38539","post","type-post","status-publish","format-standard","has-post-thumbnail","hentry","category-sociedad"],"_links":{"self":[{"href":"https:\/\/www.interaccionnoticias.com.mx\/index.php?rest_route=\/wp\/v2\/posts\/38539","targetHints":{"allow":["GET"]}}],"collection":[{"href":"https:\/\/www.interaccionnoticias.com.mx\/index.php?rest_route=\/wp\/v2\/posts"}],"about":[{"href":"https:\/\/www.interaccionnoticias.com.mx\/index.php?rest_route=\/wp\/v2\/types\/post"}],"author":[{"embeddable":true,"href":"https:\/\/www.interaccionnoticias.com.mx\/index.php?rest_route=\/wp\/v2\/users\/20"}],"replies":[{"embeddable":true,"href":"https:\/\/www.interaccionnoticias.com.mx\/index.php?rest_route=%2Fwp%2Fv2%2Fcomments&post=38539"}],"version-history":[{"count":1,"href":"https:\/\/www.interaccionnoticias.com.mx\/index.php?rest_route=\/wp\/v2\/posts\/38539\/revisions"}],"predecessor-version":[{"id":39450,"href":"https:\/\/www.interaccionnoticias.com.mx\/index.php?rest_route=\/wp\/v2\/posts\/38539\/revisions\/39450"}],"wp:featuredmedia":[{"embeddable":true,"href":"https:\/\/www.interaccionnoticias.com.mx\/index.php?rest_route=\/wp\/v2\/media\/38541"}],"wp:attachment":[{"href":"https:\/\/www.interaccionnoticias.com.mx\/index.php?rest_route=%2Fwp%2Fv2%2Fmedia&parent=38539"}],"wp:term":[{"taxonomy":"category","embeddable":true,"href":"https:\/\/www.interaccionnoticias.com.mx\/index.php?rest_route=%2Fwp%2Fv2%2Fcategories&post=38539"},{"taxonomy":"post_tag","embeddable":true,"href":"https:\/\/www.interaccionnoticias.com.mx\/index.php?rest_route=%2Fwp%2Fv2%2Ftags&post=38539"}],"curies":[{"name":"wp","href":"https:\/\/api.w.org\/{rel}","templated":true}]}}