{"id":38477,"date":"2021-11-29T20:21:03","date_gmt":"2021-11-30T02:21:03","guid":{"rendered":"http:\/\/www.inter-accion.com.mx\/?p=38477"},"modified":"2021-11-29T20:21:03","modified_gmt":"2021-11-30T02:21:03","slug":"38477","status":"publish","type":"post","link":"https:\/\/www.interaccionnoticias.com.mx\/?p=38477","title":{"rendered":"Son 44 los aspirantes que cumplen con los requisitos para ocupar la Fiscal\u00eda de Guerrero, informa el Congreso"},"content":{"rendered":"\n<p><strong><em>&#8211; Entre los aspirantes est\u00e1 un ex fiscal, un ex titular de Seguridad P\u00fablica y el actual subsecretario de Asuntos Pol\u00edticos<\/em><\/strong><\/p>\n\n\n\n<p><strong>SNI<\/strong><\/p>\n\n\n\n<p>El Congreso local inform\u00f3 que son 44 los aspirantes que cumplen con los requisitos para ocupar la titularidad de la Fiscal\u00eda General del Estado (FGE), entre ellos se encuentra el ex secretario de Seguridad P\u00fablica, Ram\u00f3n Almonte Borja; el ex fiscal Miguel \u00c1ngel God\u00ednez Mu\u00f1oz; el ex titular de la Comisi\u00f3n de Atenci\u00f3n a V\u00edctimas, Jos\u00e9 Luis Gallegos y el actual subsecretario de Asuntos Pol\u00edticos del Gobierno del Estado, Ludwig Marcial Reynoso N\u00fa\u00f1ez.<\/p>\n\n\n\n<p>La noche del lunes 29 de noviembre, la Junta de Coordinaci\u00f3n Pol\u00edtica (Jucopo) del Congreso del Estado subi\u00f3 a su p\u00e1gina web la lista de aspirantes a ocupar la FGE, una vez que la renuncia del abogado Jorge Zuriel de los Santos Barrila entr\u00f3 en vigor desde el pasado 15 de noviembre.<\/p>\n\n\n\n<p>La relaci\u00f3n de especialistas del Derecho que cumplen con los requisitos comienza con Porfirio Mercado Bacho; Miguel Angel Astudillo Ponce, C\u00e9sar Leonel Oreg\u00f3n Bernardino, Eduardo de la Cruz D\u00edaz, Agust\u00edn Lara Mu\u00f1\u00edz, J. Isabel Aguario Alvarez, Gregorio Alarc\u00f3n Avila y Miguel Angel God\u00ednez Mu\u00f1oz, quien ya fue titular de la FGE en la administraci\u00f3n de Rogelio Ortega Mart\u00ednez.<\/p>\n\n\n\n<p>Sigue el ex director de Gobernaci\u00f3n estatal, Rey Hilario Serrano; Blanca Mar\u00eda del Roc\u00edo Estrada Ortega, Efra\u00edn Ceballos Santib\u00e1\u00f1ez, Mart\u00edn Celis Gonz\u00e1lez, Josabeth Barrag\u00e1n Torres y Jos\u00e9 Luis Gallegos Peralta, quien fuera titular de la Comisi\u00f3n Estatal de Atenci\u00f3n a V\u00edctimas (CEAV).<\/p>\n\n\n\n<p>Gallegos Peralta sostuvo una fuerte confrontaci\u00f3n con el ex consejero de la CEAV Javier Morlet Macho, quien lo denunci\u00f3 por haberlo expulsado de las oficinas del organismo amag\u00e1ndolo con un arma de fuego.<\/p>\n\n\n\n<p>La relaci\u00f3n sigue con otro ex funcionario de la Secretar\u00eda General de Gobierno, Victoriano S\u00e1nchez Carbajal; Juan S\u00e1nchez Hinojosa, Anacleta L\u00f3pez Vega, Jes\u00fas Alem\u00e1n del Carmen, Ulises Sandoval Catal\u00e1n, Nemesio Alvarez Garc\u00eda, Rauymundo P\u00e9rez Medrano, Mar\u00eda Guadalupe Rend\u00f3n Ram\u00edrez, Jos\u00e9 Balbuena Herrera y Ram\u00f3n Almonte Borja.<\/p>\n\n\n\n<p>Almonte Borja es cuestionado porque era titular de la Secretar\u00eda de Seguridad P\u00fablica (SSP) en el gobierno de \u00e1ngel Aguirre Rivero en diciembre de 2011, cuando se suscit\u00f3 el desalojo que cobr\u00f3 las vidas de dos estudiantes de la Normal Rural de Ayotzinapa; Alexis Herrera Pino y Gabriel Echeverr\u00eda de Jes\u00fas.<\/p>\n\n\n\n<p>Sigue Carlos L\u00f3pez Sotelo; Hugo V\u00e1zquez Colorado, Alfonso Gonz\u00e1lez Zamora, Juan Rivera Altamirano, Ismael Gomezca\u00f1a S\u00e1nchez, Ignacio Clemente Quiterios, Manuel Angel Bringas Raymundo, Roberto Salgado Santana, Sandra Luz Valdovinos Salmer\u00f3n, Jorge Alberto Ch\u00e1vez Avalos, Jos\u00e9 Guadalupe Ch\u00e1vez Infante y Antonio Sebasti\u00e1n Ortu\u00f1o.<\/p>\n\n\n\n<p>Destacan el actual encargado de despacho, el vicefiscal H\u00e9ctor Salvador Calleja, Juventino Rodr\u00edguez Mart\u00ednez y el subsecretario de Asuntos Pol\u00edticos del Gobierno en turno, Ludwig Marcial Reynoso N\u00fa\u00f1ez.<\/p>\n\n\n\n<p>Se confirm\u00f3 que no hubo registro del abogado de los padres de los 43, Vidulfo Rosales Sierra, quien el fin de semana se desmarc\u00f3 del procedimiento, al se\u00f1alar que se trata de una coyuntura en la que van a prevalecer los intereses de los partidos pol\u00edticos y de los grupos de poder, no el criterio de la sociedad.<\/p>\n","protected":false},"excerpt":{"rendered":"<p>&#8211; Entre los aspirantes est\u00e1 un ex fiscal, un ex titular de Seguridad P\u00fablica y el actual subsecretario de Asuntos Pol\u00edticos SNI El Congreso local inform\u00f3 que son 44 los&hellip; <\/p>\n","protected":false},"author":1,"featured_media":38483,"comment_status":"open","ping_status":"open","sticky":false,"template":"","format":"standard","meta":{"fifu_image_url":"","fifu_image_alt":"","footnotes":""},"categories":[2],"tags":[],"class_list":["post-38477","post","type-post","status-publish","format-standard","has-post-thumbnail","hentry","category-congreso"],"_links":{"self":[{"href":"https:\/\/www.interaccionnoticias.com.mx\/index.php?rest_route=\/wp\/v2\/posts\/38477","targetHints":{"allow":["GET"]}}],"collection":[{"href":"https:\/\/www.interaccionnoticias.com.mx\/index.php?rest_route=\/wp\/v2\/posts"}],"about":[{"href":"https:\/\/www.interaccionnoticias.com.mx\/index.php?rest_route=\/wp\/v2\/types\/post"}],"author":[{"embeddable":true,"href":"https:\/\/www.interaccionnoticias.com.mx\/index.php?rest_route=\/wp\/v2\/users\/1"}],"replies":[{"embeddable":true,"href":"https:\/\/www.interaccionnoticias.com.mx\/index.php?rest_route=%2Fwp%2Fv2%2Fcomments&post=38477"}],"version-history":[{"count":0,"href":"https:\/\/www.interaccionnoticias.com.mx\/index.php?rest_route=\/wp\/v2\/posts\/38477\/revisions"}],"wp:featuredmedia":[{"embeddable":true,"href":"https:\/\/www.interaccionnoticias.com.mx\/index.php?rest_route=\/wp\/v2\/media\/38483"}],"wp:attachment":[{"href":"https:\/\/www.interaccionnoticias.com.mx\/index.php?rest_route=%2Fwp%2Fv2%2Fmedia&parent=38477"}],"wp:term":[{"taxonomy":"category","embeddable":true,"href":"https:\/\/www.interaccionnoticias.com.mx\/index.php?rest_route=%2Fwp%2Fv2%2Fcategories&post=38477"},{"taxonomy":"post_tag","embeddable":true,"href":"https:\/\/www.interaccionnoticias.com.mx\/index.php?rest_route=%2Fwp%2Fv2%2Ftags&post=38477"}],"curies":[{"name":"wp","href":"https:\/\/api.w.org\/{rel}","templated":true}]}}