{"id":38476,"date":"2021-11-29T19:06:35","date_gmt":"2021-11-30T01:06:35","guid":{"rendered":"http:\/\/www.inter-accion.com.mx\/?p=38476"},"modified":"2021-11-29T19:06:35","modified_gmt":"2021-11-30T01:06:35","slug":"38476","status":"publish","type":"post","link":"https:\/\/www.interaccionnoticias.com.mx\/?p=38476","title":{"rendered":"Verifica Evelyn Salgado acciones de pacificaci\u00f3n en Huitzuco de los Figueroa"},"content":{"rendered":"\n<p><strong><em>&#8211; Desde hace varias semanas, Gente de la Sierra y La Bandera sostienen una confrontaci\u00f3n por el control territorial<br>&#8211; La gobernadora confirma el reforzamiento de las acciones de vigilancia y pacificaci\u00f3n de car\u00e1cter integral<br>&#8211; Ah\u00ed, un grupo delictivo impuso un \u201ctoque de queda\u201d desde hace un par de semanas, seg\u00fan denuncias ciudadanas<br>&#8211; Existe Coordinaci\u00f3n con la Marina, Sedena, Guardia Nacional, Polic\u00eda del Estado y del municipio, se\u00f1ala la titular del Ejecutivo local<\/em><\/strong><\/p>\n\n\n\n<p><strong>Rogelio Agust\u00edn<\/strong><\/p>\n\n\n\n<p><strong>Huitzuco de los Figueroa, Gro. 29 de noviembre de 2021. \u2013<\/strong> La gobernadora Evelyn Salgado Pineda acudi\u00f3 a la cabecera municipal de Huitzuco de los Figueroa, donde dos grupos del crimen organizado mantienen una confrontaci\u00f3n abierta por el control territorial, ah\u00ed constat\u00f3 el reforzamiento de la vigilancia implementada por personal de la Marina Armada; de la Secretar\u00eda de la Defensa Nacional (Sedena), Guardia Nacional (GN) y la Polic\u00eda del Estado.<\/p>\n\n\n\n<p>Desde hace varias semanas, dos organizaciones delictivas; Gente de la Sierra y La Bandera se disputan el control de parte importante de la regi\u00f3n Norte del estado, lo que ha mantenido en jaque a la poblaci\u00f3n, principalmente en el municipio de Huitzuco de los Figueroa.<\/p>\n\n\n\n<p>Desde la semana pasada, se manej\u00f3 a trav\u00e9s de las redes sociales que particularmente Gente de la Sierra hab\u00eda declarado un toque de queda a partir de las seis de la tarde, con la advertencia de que cualquier persona que estuviera en las calles a partir de esa hora ser\u00eda asesinada.<\/p>\n\n\n\n<p>La versi\u00f3n cobr\u00f3 fuerza cuando tres j\u00f3venes fueron asesinados a balazos supuestamente por salir a la calle fuera del horario establecido.<\/p>\n\n\n\n<p>\u201cQui\u00e9ranse tantito\u201d, se\u00f1alaba un mensaje de los presuntos integrantes de la Sierra hacia los lugare\u00f1os, al reiterarles que tienen una hora l\u00edmite para estar en las calles.<\/p>\n\n\n\n<p>La confrontaci\u00f3n no se da solo en Huitzuco, alcanza tambi\u00e9n a los municipios de Tepecoacuilco, Atenango del R\u00edo y Copalillo.<\/p>\n\n\n\n<p><strong>Va la gobernadora a la zona de confrontaci\u00f3n<\/strong><\/p>\n\n\n\n<p>Este lunes, el gobierno del Estado difundi\u00f3 un comunicado en el que se anota que la gobernadora Salgado Pineda estuvo en Huitzuco, la ciudad m\u00e1s afectada por la confrontaci\u00f3n entre las dos organizaciones delictivas.<\/p>\n\n\n\n<p>Ah\u00ed, Salgado Pineda constat\u00f3 el reforzamiento de las operaciones integrales de pacificaci\u00f3n, mimo que se puso en marcha desde el pasado 22 de noviembre.<\/p>\n\n\n\n<p>Con su presencia en la zona, Salgado Pineda refrend\u00f3 el compromiso de avanzar con pasos firmes hacia la construcci\u00f3n de la paz.<\/p>\n\n\n\n<p>\u00abReconozco el reto que tenemos de abatir los \u00edndices de violencia y la delincuencia que es nuestra principal atenci\u00f3n, nos ocupamos y es urgente procurar el bienestar de nuestras familias y as\u00ed lo estamos haciendo. Desarrollo s\u00f3lido que genere escudos de bienestar en una l\u00ednea de plan de acci\u00f3n de la mano con la federaci\u00f3n y los municipios\u00bb, puntualiz\u00f3 Salgado Pineda.<\/p>\n\n\n\n<p>En la explanada del ayuntamiento de Huitzuco, la gobernadora, se\u00f1al\u00f3 que la estrategia integral es parte del combate a las causas que originan la violencia: La desigualdad, la pobreza y la falta de oportunidades.<\/p>\n\n\n\n<p>La gobernadora expres\u00f3 que la l\u00ednea del plan de acci\u00f3n de seguridad, es trabajar en coordinaci\u00f3n con la federaci\u00f3n y los municipios, para ello, destac\u00f3 que se cuenta con el apoyo del presidente de la Rep\u00fablica, Andr\u00e9s Manuel L\u00f3pez Obrador.<\/p>\n\n\n\n<p>Ah\u00ed se asumi\u00f3 como aliada del alcalde Eder N\u00e1jera, a quien le se\u00f1al\u00f3: \u201cVamos a trabajar en una estrategia de atenci\u00f3n focalizada a las comunidades, les dije que iba a ser gobernadora de territorio y no de escritorio, vamos a estar en todas y cada una de las siete regiones de nuestro estado\u00bb.<\/p>\n\n\n\n<p>Ah\u00ed, el secretario de Seguridad P\u00fablica, Evelio M\u00e9ndez G\u00f3mez, expuso que por instrucciones de la gobernadora, con el apoyo de la Marina, Guardia Nacional y de la Secretar\u00eda de la Defensa Nacional, se ha reforzado la seguridad en Huitzuco desde el d\u00eda 22 de noviembre, para que la sociedad se sienta en paz y tranquilidad.<\/p>\n\n\n\n<p>M\u00e9ndez G\u00f3mez sostuvo que la poblaci\u00f3n tiene a su disposici\u00f3n el n\u00famero de emergencias 911 y 089 para realizar sus denuncias de manera an\u00f3nima y poder proceder contra los delincuentes.<\/p>\n","protected":false},"excerpt":{"rendered":"<p>&#8211; Desde hace varias semanas, Gente de la Sierra y La Bandera sostienen una confrontaci\u00f3n por el control territorial&#8211; La gobernadora confirma el reforzamiento de las acciones de vigilancia y&hellip; <\/p>\n","protected":false},"author":1,"featured_media":38478,"comment_status":"open","ping_status":"open","sticky":false,"template":"","format":"standard","meta":{"fifu_image_url":"","fifu_image_alt":"","footnotes":""},"categories":[27],"tags":[],"class_list":["post-38476","post","type-post","status-publish","format-standard","has-post-thumbnail","hentry","category-seguridad-publica"],"_links":{"self":[{"href":"https:\/\/www.interaccionnoticias.com.mx\/index.php?rest_route=\/wp\/v2\/posts\/38476","targetHints":{"allow":["GET"]}}],"collection":[{"href":"https:\/\/www.interaccionnoticias.com.mx\/index.php?rest_route=\/wp\/v2\/posts"}],"about":[{"href":"https:\/\/www.interaccionnoticias.com.mx\/index.php?rest_route=\/wp\/v2\/types\/post"}],"author":[{"embeddable":true,"href":"https:\/\/www.interaccionnoticias.com.mx\/index.php?rest_route=\/wp\/v2\/users\/1"}],"replies":[{"embeddable":true,"href":"https:\/\/www.interaccionnoticias.com.mx\/index.php?rest_route=%2Fwp%2Fv2%2Fcomments&post=38476"}],"version-history":[{"count":0,"href":"https:\/\/www.interaccionnoticias.com.mx\/index.php?rest_route=\/wp\/v2\/posts\/38476\/revisions"}],"wp:featuredmedia":[{"embeddable":true,"href":"https:\/\/www.interaccionnoticias.com.mx\/index.php?rest_route=\/wp\/v2\/media\/38478"}],"wp:attachment":[{"href":"https:\/\/www.interaccionnoticias.com.mx\/index.php?rest_route=%2Fwp%2Fv2%2Fmedia&parent=38476"}],"wp:term":[{"taxonomy":"category","embeddable":true,"href":"https:\/\/www.interaccionnoticias.com.mx\/index.php?rest_route=%2Fwp%2Fv2%2Fcategories&post=38476"},{"taxonomy":"post_tag","embeddable":true,"href":"https:\/\/www.interaccionnoticias.com.mx\/index.php?rest_route=%2Fwp%2Fv2%2Ftags&post=38476"}],"curies":[{"name":"wp","href":"https:\/\/api.w.org\/{rel}","templated":true}]}}