{"id":38422,"date":"2021-11-28T16:02:49","date_gmt":"2021-11-28T22:02:49","guid":{"rendered":"http:\/\/www.inter-accion.com.mx\/?p=38422"},"modified":"2021-11-28T16:02:49","modified_gmt":"2021-11-28T22:02:49","slug":"38422","status":"publish","type":"post","link":"https:\/\/www.interaccionnoticias.com.mx\/?p=38422","title":{"rendered":"Registra el Tri\u00e1ngulo del Sol alza en ocupaci\u00f3n hotelera"},"content":{"rendered":"\n<p><strong><em>&#8211; Ixtapa-Zihuatanejo, superan al puerto de Acapulco<br>&#8211; En Taxco de Alarc\u00f3n con la feria de la playa al 50%<\/em><\/strong><\/p>\n\n\n\n<p><strong>Javier Trujillo<\/strong><\/p>\n\n\n\n<p><strong>Acapulco, Gro. \u2013<\/strong> En el \u00faltimo d\u00eda del fin de semana de noviembre, los destinos que comprende el Tri\u00e1ngulo del Sol, alcanzaron un porcentaje de ocupaci\u00f3n hotelera del 70.6%.<\/p>\n\n\n\n<p>Adem\u00e1s, con la presencia de militares, marinos, y polic\u00edas tur\u00edsticos se pretende reforzar la seguridad para brindar una mejor atenci\u00f3n a los visitantes que acudieron a la franja de arena de la bah\u00eda de Santa Luc\u00eda.<\/p>\n\n\n\n<p>Es el porcentaje de ocupaci\u00f3n hotelera es de los m\u00e1s alto en los \u00faltimos 20 meses desde que inici\u00f3 la pandemia por Covid-19.<\/p>\n\n\n\n<p>Mientras que, los tres segmentos tur\u00edsticos de Acapulco, se logr\u00f3 una ocupaci\u00f3n general del 71.3 por ciento, la m\u00e1s alta en los \u00faltimos 20 meses, desde que inici\u00f3 la pandemia del Covid-19.<\/p>\n\n\n\n<p>Se detalla que la zona Diamante alcanz\u00f3 un porcentaje del 70.2 puntos porcentuales, la Dorada 72.7, que contin\u00faa siendo la de mayor preferencia y m\u00e1s alto \u00edndice de ocupaci\u00f3n hotelera, y la N\u00e1utica o Tradicional con 65.9 puntos.<\/p>\n\n\n\n<p>En el caso del llamado binomio de playas de Ixtapa y Zihuatanejo, el porcentaje supero al de Acapulco, al registrar 71.9 puntos porcentuales, siendo Ixtapa la de mayor ocupaci\u00f3n con 71.9 por ciento y Zihuatanejo 53.9.<\/p>\n\n\n\n<p>En cuanto a la ciudad colonial de Taxco de Alarc\u00f3n, donde se realiza la Feria de la Plata, report\u00f3 una ocupaci\u00f3n hotelera del 50.7 puntos.<\/p>\n","protected":false},"excerpt":{"rendered":"<p>&#8211; Ixtapa-Zihuatanejo, superan al puerto de Acapulco&#8211; En Taxco de Alarc\u00f3n con la feria de la playa al 50% Javier Trujillo Acapulco, Gro. \u2013 En el \u00faltimo d\u00eda del fin&hellip; <\/p>\n","protected":false},"author":1,"featured_media":38424,"comment_status":"open","ping_status":"open","sticky":false,"template":"","format":"standard","meta":{"fifu_image_url":"","fifu_image_alt":"","footnotes":""},"categories":[29],"tags":[],"class_list":["post-38422","post","type-post","status-publish","format-standard","has-post-thumbnail","hentry","category-sociedad"],"_links":{"self":[{"href":"https:\/\/www.interaccionnoticias.com.mx\/index.php?rest_route=\/wp\/v2\/posts\/38422","targetHints":{"allow":["GET"]}}],"collection":[{"href":"https:\/\/www.interaccionnoticias.com.mx\/index.php?rest_route=\/wp\/v2\/posts"}],"about":[{"href":"https:\/\/www.interaccionnoticias.com.mx\/index.php?rest_route=\/wp\/v2\/types\/post"}],"author":[{"embeddable":true,"href":"https:\/\/www.interaccionnoticias.com.mx\/index.php?rest_route=\/wp\/v2\/users\/1"}],"replies":[{"embeddable":true,"href":"https:\/\/www.interaccionnoticias.com.mx\/index.php?rest_route=%2Fwp%2Fv2%2Fcomments&post=38422"}],"version-history":[{"count":0,"href":"https:\/\/www.interaccionnoticias.com.mx\/index.php?rest_route=\/wp\/v2\/posts\/38422\/revisions"}],"wp:featuredmedia":[{"embeddable":true,"href":"https:\/\/www.interaccionnoticias.com.mx\/index.php?rest_route=\/wp\/v2\/media\/38424"}],"wp:attachment":[{"href":"https:\/\/www.interaccionnoticias.com.mx\/index.php?rest_route=%2Fwp%2Fv2%2Fmedia&parent=38422"}],"wp:term":[{"taxonomy":"category","embeddable":true,"href":"https:\/\/www.interaccionnoticias.com.mx\/index.php?rest_route=%2Fwp%2Fv2%2Fcategories&post=38422"},{"taxonomy":"post_tag","embeddable":true,"href":"https:\/\/www.interaccionnoticias.com.mx\/index.php?rest_route=%2Fwp%2Fv2%2Ftags&post=38422"}],"curies":[{"name":"wp","href":"https:\/\/api.w.org\/{rel}","templated":true}]}}