{"id":38399,"date":"2021-11-23T17:00:00","date_gmt":"2021-11-23T23:00:00","guid":{"rendered":"http:\/\/www.inter-accion.com.mx\/?p=38399"},"modified":"2021-11-23T17:00:00","modified_gmt":"2021-11-23T23:00:00","slug":"38399","status":"publish","type":"post","link":"https:\/\/www.interaccionnoticias.com.mx\/?p=38399","title":{"rendered":"Liberan a dos menores que iban a ser obligados a casarse"},"content":{"rendered":"\n<p><strong>Jes\u00fas Dorantes<br><\/strong>\u00a0<br>La Comisi\u00f3n de los Derechos Humanos del Estado de Guerrero, la Fiscal\u00eda Regional de Pueblos Ind\u00edgenas, elementos de la Polic\u00eda del Estado y de la Guardia Nacional participaron en el rescate de dos menores de edad que iban a ser obligados a contraer matrimonio.<br>\u00a0<br>Los \u00a0j\u00f3venes de 13 a\u00f1os de edad fueron liberados por la intervenci\u00f3n de autoridades del estado de Guerrero en la comunidad de Joya Real, en el municipio de Cochoapa el Grande luego de que fueran detenidos por autoridades locales por negarse a casarse.<br>\u00a0<br>Los dos menores fueron liberados por la intervenci\u00f3n de la polic\u00eda del estado, Guardia Nacional, Derechos Humanos y del Ayuntamiento que acudieron a la comunidad y constataron que los menores iban a ser obligados a contraer matrimonio por sus padres que hab\u00edan pactado el pago de un dote.<br>\u00a0<br>Y al negarse el pasado 23 de noviembre fueron detenidos los menores, hecho que advertido por un reporte an\u00f3nimo a las autoridades, logrando su liberaci\u00f3n y resguardo.<br>\u00a0<br>Al lugar acudi\u00f3 \u00a0Celso V\u00e1zquez Vivar, Delegado Regional en la Monta\u00f1a de esta CDHEG, en compa\u00f1\u00eda de representantes de la Fiscal\u00eda Regional de Pueblos Ind\u00edgenas, la S\u00edndica Procuradora de Cochoapa el Grande, elementos de la Polic\u00eda del Estado y de la Guardia Nacional.<br>\u00a0<br>Quienes participaron en el rescate pac\u00edfico de los menores, quienes fueron puestos a disposici\u00f3n de las autoridades competentes para su protecci\u00f3n, resguardo y garantizar sus derechos humanos.<\/p>\n","protected":false},"excerpt":{"rendered":"<p>Jes\u00fas Dorantes\u00a0La Comisi\u00f3n de los Derechos Humanos del Estado de Guerrero, la Fiscal\u00eda Regional de Pueblos Ind\u00edgenas, elementos de la Polic\u00eda del Estado y de la Guardia Nacional participaron en&hellip; <\/p>\n","protected":false},"author":1,"featured_media":38396,"comment_status":"open","ping_status":"open","sticky":false,"template":"","format":"standard","meta":{"fifu_image_url":"","fifu_image_alt":"","footnotes":""},"categories":[29],"tags":[],"class_list":["post-38399","post","type-post","status-publish","format-standard","has-post-thumbnail","hentry","category-sociedad"],"_links":{"self":[{"href":"https:\/\/www.interaccionnoticias.com.mx\/index.php?rest_route=\/wp\/v2\/posts\/38399","targetHints":{"allow":["GET"]}}],"collection":[{"href":"https:\/\/www.interaccionnoticias.com.mx\/index.php?rest_route=\/wp\/v2\/posts"}],"about":[{"href":"https:\/\/www.interaccionnoticias.com.mx\/index.php?rest_route=\/wp\/v2\/types\/post"}],"author":[{"embeddable":true,"href":"https:\/\/www.interaccionnoticias.com.mx\/index.php?rest_route=\/wp\/v2\/users\/1"}],"replies":[{"embeddable":true,"href":"https:\/\/www.interaccionnoticias.com.mx\/index.php?rest_route=%2Fwp%2Fv2%2Fcomments&post=38399"}],"version-history":[{"count":0,"href":"https:\/\/www.interaccionnoticias.com.mx\/index.php?rest_route=\/wp\/v2\/posts\/38399\/revisions"}],"wp:featuredmedia":[{"embeddable":true,"href":"https:\/\/www.interaccionnoticias.com.mx\/index.php?rest_route=\/wp\/v2\/media\/38396"}],"wp:attachment":[{"href":"https:\/\/www.interaccionnoticias.com.mx\/index.php?rest_route=%2Fwp%2Fv2%2Fmedia&parent=38399"}],"wp:term":[{"taxonomy":"category","embeddable":true,"href":"https:\/\/www.interaccionnoticias.com.mx\/index.php?rest_route=%2Fwp%2Fv2%2Fcategories&post=38399"},{"taxonomy":"post_tag","embeddable":true,"href":"https:\/\/www.interaccionnoticias.com.mx\/index.php?rest_route=%2Fwp%2Fv2%2Ftags&post=38399"}],"curies":[{"name":"wp","href":"https:\/\/api.w.org\/{rel}","templated":true}]}}