{"id":38341,"date":"2021-11-25T22:58:26","date_gmt":"2021-11-26T04:58:26","guid":{"rendered":"http:\/\/www.inter-accion.com.mx\/?p=38341"},"modified":"2021-11-25T22:58:26","modified_gmt":"2021-11-26T04:58:26","slug":"38341","status":"publish","type":"post","link":"https:\/\/www.interaccionnoticias.com.mx\/?p=38341","title":{"rendered":"\u00abHoy las mujeres somos m\u00e1s fuertes\u00bb: Flor A\u00f1orve"},"content":{"rendered":"\n<p><strong>Chilpancingo, Gro., noviembre 25 del 2021.\u00ad\u2013 <\/strong>La diputada presidenta de la Mesa Directiva, Flor A\u00f1orve Ocampo, conmemor\u00f3 el D\u00eda Internacional para la Eliminaci\u00f3n de la Violencia Contra la Mujer, y asegur\u00f3 que en el Congreso del Estado tienen una aliada, \u00abhoy las mujeres somos m\u00e1s fuertes.<br>\u00a0<br>Este jueves, 25 de noviembre, se conmemor\u00f3 el D\u00eda Internacional para la Eliminaci\u00f3n de la Violencia Contra la Mujer, que tiene como principal objetivo visibilizar la violencia contra las mujeres y ni\u00f1as en el mundo.<br>\u00a0<br>La lucha por la seguridad y los derechos de las mujeres, asegur\u00f3 la diputada, debe ser un trabajo coordinado entre la sociedad, los tres niveles de gobierno, organizaciones sociales, partidos pol\u00edticos y otras instituciones.<br>\u00a0<br>Por el D\u00eda Internacional para la Eliminaci\u00f3n de la Violencia Contra las Mujeres y Ni\u00f1as, la legisladora dijo que es tiempo en que todas las f\u00e9minas levanten la voz y no se permita ning\u00fan tipo de abuso que vulnere los derechos de ninguna.<br>\u00a0<br>La 63 Legislatura es la primera con paridad de g\u00e9nero en su confirmaci\u00f3n. \u00abPor primera vez las 23 diputadas tienen la gran oportunidad de avanzar en los derechos de todas las mujeres y hacer posible lo que antes no se pudo\u00bb, plante\u00f3.<br>\u00a0<br>Se\u00f1al\u00f3 que en su papel como legisladora y presidenta de la Mesa Directiva, las mujeres jugar\u00e1n un papel importante y har\u00e1 lo que corresponda por salvaguardar y defender los derechos de todas y cada una de las mujeres en el Estado.\u00a0<\/p>\n\n\n\n<p>Cabe mencionar que por la tarde junto con sus compa\u00f1eras diputadas de las diferentes fracciones llevaron a cabo el encendido de luces naranjas del recinto legislativo y la presentaci\u00f3n del violent\u00f3metro laboral, iniciaron los 16 d\u00edas de Activismo Contra la Violencia de G\u00e9nero.<\/p>\n\n\n\n<p>Finalrmnte convoc\u00f3 a las asistentes a sumarse a la defensa de las f\u00e9minas que sufran violencia, a\u00fan cuando no sean familiares o conocidas y a los hombres les hizo un llamado para conducirse con respeto en el trato hacia las mujeres.<\/p>\n","protected":false},"excerpt":{"rendered":"<p>Chilpancingo, Gro., noviembre 25 del 2021.\u00ad\u2013 La diputada presidenta de la Mesa Directiva, Flor A\u00f1orve Ocampo, conmemor\u00f3 el D\u00eda Internacional para la Eliminaci\u00f3n de la Violencia Contra la Mujer, y&hellip; <\/p>\n","protected":false},"author":1,"featured_media":38342,"comment_status":"open","ping_status":"open","sticky":false,"template":"","format":"standard","meta":{"fifu_image_url":"","fifu_image_alt":"","footnotes":""},"categories":[2],"tags":[],"class_list":["post-38341","post","type-post","status-publish","format-standard","has-post-thumbnail","hentry","category-congreso"],"_links":{"self":[{"href":"https:\/\/www.interaccionnoticias.com.mx\/index.php?rest_route=\/wp\/v2\/posts\/38341","targetHints":{"allow":["GET"]}}],"collection":[{"href":"https:\/\/www.interaccionnoticias.com.mx\/index.php?rest_route=\/wp\/v2\/posts"}],"about":[{"href":"https:\/\/www.interaccionnoticias.com.mx\/index.php?rest_route=\/wp\/v2\/types\/post"}],"author":[{"embeddable":true,"href":"https:\/\/www.interaccionnoticias.com.mx\/index.php?rest_route=\/wp\/v2\/users\/1"}],"replies":[{"embeddable":true,"href":"https:\/\/www.interaccionnoticias.com.mx\/index.php?rest_route=%2Fwp%2Fv2%2Fcomments&post=38341"}],"version-history":[{"count":0,"href":"https:\/\/www.interaccionnoticias.com.mx\/index.php?rest_route=\/wp\/v2\/posts\/38341\/revisions"}],"wp:featuredmedia":[{"embeddable":true,"href":"https:\/\/www.interaccionnoticias.com.mx\/index.php?rest_route=\/wp\/v2\/media\/38342"}],"wp:attachment":[{"href":"https:\/\/www.interaccionnoticias.com.mx\/index.php?rest_route=%2Fwp%2Fv2%2Fmedia&parent=38341"}],"wp:term":[{"taxonomy":"category","embeddable":true,"href":"https:\/\/www.interaccionnoticias.com.mx\/index.php?rest_route=%2Fwp%2Fv2%2Fcategories&post=38341"},{"taxonomy":"post_tag","embeddable":true,"href":"https:\/\/www.interaccionnoticias.com.mx\/index.php?rest_route=%2Fwp%2Fv2%2Ftags&post=38341"}],"curies":[{"name":"wp","href":"https:\/\/api.w.org\/{rel}","templated":true}]}}