{"id":38338,"date":"2021-11-25T19:48:38","date_gmt":"2021-11-26T01:48:38","guid":{"rendered":"http:\/\/www.inter-accion.com.mx\/?p=38338"},"modified":"2021-11-25T19:48:38","modified_gmt":"2021-11-26T01:48:38","slug":"38338","status":"publish","type":"post","link":"https:\/\/www.interaccionnoticias.com.mx\/?p=38338","title":{"rendered":"No hay seguridad de que se vaya a realizar el perd\u00f3n ni la Feria de navidad: Evelyn Salgado"},"content":{"rendered":"\n<p><strong><em>&#8211; Anticipa acuerdo con el IPDPR, en el tema de la subasta de veh\u00edculos blindados<\/em><\/strong><\/p>\n\n\n\n<p><strong>Rosario Garc\u00eda Orozco<\/strong><\/p>\n\n\n\n<p><strong>Chilpancingo, Gro., 25 de noviembre del 2021.-<\/strong> \u201cHasta el momento no est\u00e1 contemplado que se vaya a realizar el Pend\u00f3n y la Feria de Navidad\u201d, asegur\u00f3 la gobernadora Evelyn Salgado Pineda, tras el anuncio del avance de la cuarta ola de Covid 19 en Europa.<\/p>\n\n\n\n<p>\u201cCuando veas las barbas de tu vecino cortar, pon las tuyas a remojar\u201d, parafrase\u00f3 la gobernadora en torno a la cuarta ola de Covid 19 que ya se padece en Europa.<\/p>\n\n\n\n<p>Por esa raz\u00f3n, dijo, estamos aplicando todas las medidas de prevenci\u00f3n, \u201custedes han visto que en las transmisiones que hacemos del Covid, siempre hacemos el llamado para que contin\u00faen con todas las medidas, no debemos confiarnos, ni bajar la guardia\u201d, sostuvo la mandataria estatal.<\/p>\n\n\n\n<p>Record\u00f3 que los n\u00fameros oficiales sobre el Covid 19, registran en la incidencia de contagios va a la baja en Guerrero, \u201cpero no debemos confiarnos\u201d, insisti\u00f3.<\/p>\n\n\n\n<p>Sobre el hecho de que la alcaldesa de Chilpancingo, Norma Otilia Hern\u00e1ndez ha insistido en organizar el paseo del perd\u00f3n y la feria de Navidad y A\u00f1o Nuevo, a pesar del riesgo de la cuarta ola de Covid, la gobernadora Evelyn Salgado respondi\u00f3 que tiene conocimiento de que esos festejos a\u00fan est\u00e1n en an\u00e1lisis para determinar si se van a llevar a cabo o no, precisamente por los riesgos que se van a asumir.<\/p>\n\n\n\n<p>\u201cYo creo que en unos d\u00edas se va a conocer cu\u00e1l es la determinaci\u00f3n final, porque a\u00fan no se ha decidido si se va a realizar, porque est\u00e1n revisando y previendo todos los escenarios, para que cuando se tome una decisi\u00f3n como est\u00e1, tan importante, se tiene que analizar perfectamente\u201d, extern\u00f3 la mandataria.<\/p>\n\n\n\n<p><strong>Convenio con el Instituto para Devolver al Pueblo lo Robado<\/strong><\/p>\n\n\n\n<p>Salgado Pineda tambi\u00e9n inform\u00f3 que este viernes inicia la subasta de las camionetas de lujo y blindadas para recuperar recursos econ\u00f3micos y destinarlos a programas y acciones para grupos vulnerables.<\/p>\n\n\n\n<p>Adelant\u00f3 que el lunes pr\u00f3ximo, el gobierno que encabeza firmar\u00e1 un convenio con el Instituto Nacional para Devolver al Pueblo lo Robado, \u201cde esa manera ese instituto sube a las plataformas todas las camionetas para que puedan estar en plataforma nacional y tengamos un mayor margen para la venta de esas unidades\u201d.<\/p>\n\n\n\n<p>Insisti\u00f3 en que su gobierno busca el modo de vender Casa Acapulco, y la Casa Guerrero en la Ciudad de M\u00e9xico, \u201cy estamos viendo m\u00e1s inmuebles que pertenezcan al gobierno del estado para venderlos, como es el caso de algunas casas en Chilpancingo. No los necesitamos. Y a lo mejor oficinas por las que est\u00e1n pagando rentas elevadas, podamos pasarlas a esas propiedades y que no se gaste tanto \u201d.<\/p>\n","protected":false},"excerpt":{"rendered":"<p>&#8211; Anticipa acuerdo con el IPDPR, en el tema de la subasta de veh\u00edculos blindados Rosario Garc\u00eda Orozco Chilpancingo, Gro., 25 de noviembre del 2021.- \u201cHasta el momento no est\u00e1&hellip; <\/p>\n","protected":false},"author":1,"featured_media":38334,"comment_status":"open","ping_status":"open","sticky":false,"template":"","format":"standard","meta":{"fifu_image_url":"","fifu_image_alt":"","footnotes":""},"categories":[11],"tags":[],"class_list":["post-38338","post","type-post","status-publish","format-standard","has-post-thumbnail","hentry","category-guerrero"],"_links":{"self":[{"href":"https:\/\/www.interaccionnoticias.com.mx\/index.php?rest_route=\/wp\/v2\/posts\/38338","targetHints":{"allow":["GET"]}}],"collection":[{"href":"https:\/\/www.interaccionnoticias.com.mx\/index.php?rest_route=\/wp\/v2\/posts"}],"about":[{"href":"https:\/\/www.interaccionnoticias.com.mx\/index.php?rest_route=\/wp\/v2\/types\/post"}],"author":[{"embeddable":true,"href":"https:\/\/www.interaccionnoticias.com.mx\/index.php?rest_route=\/wp\/v2\/users\/1"}],"replies":[{"embeddable":true,"href":"https:\/\/www.interaccionnoticias.com.mx\/index.php?rest_route=%2Fwp%2Fv2%2Fcomments&post=38338"}],"version-history":[{"count":0,"href":"https:\/\/www.interaccionnoticias.com.mx\/index.php?rest_route=\/wp\/v2\/posts\/38338\/revisions"}],"wp:featuredmedia":[{"embeddable":true,"href":"https:\/\/www.interaccionnoticias.com.mx\/index.php?rest_route=\/wp\/v2\/media\/38334"}],"wp:attachment":[{"href":"https:\/\/www.interaccionnoticias.com.mx\/index.php?rest_route=%2Fwp%2Fv2%2Fmedia&parent=38338"}],"wp:term":[{"taxonomy":"category","embeddable":true,"href":"https:\/\/www.interaccionnoticias.com.mx\/index.php?rest_route=%2Fwp%2Fv2%2Fcategories&post=38338"},{"taxonomy":"post_tag","embeddable":true,"href":"https:\/\/www.interaccionnoticias.com.mx\/index.php?rest_route=%2Fwp%2Fv2%2Ftags&post=38338"}],"curies":[{"name":"wp","href":"https:\/\/api.w.org\/{rel}","templated":true}]}}