{"id":38333,"date":"2021-11-25T19:44:59","date_gmt":"2021-11-26T01:44:59","guid":{"rendered":"http:\/\/www.inter-accion.com.mx\/?p=38333"},"modified":"2021-11-25T19:44:59","modified_gmt":"2021-11-26T01:44:59","slug":"38333","status":"publish","type":"post","link":"https:\/\/www.interaccionnoticias.com.mx\/?p=38333","title":{"rendered":"Encargado de la FGE reconoce d\u00e9ficit de polic\u00edas ministeriales en Guerrero"},"content":{"rendered":"\n<p><strong><em>&#8211; H\u00e9ctor Salvador Calleja se registra como aspirante a ser fiscal del Estado, aclara que no habr\u00e1 continuidad y que revolucionar\u00e1 la dependencia<\/em><\/strong><\/p>\n\n\n\n<p><strong>Rogelio Agust\u00edn<\/strong><\/p>\n\n\n\n<p>El encargado de despacho de la Fiscal\u00eda General del Estado (FGE), H\u00e9ctor Salvador Calleja reconoci\u00f3 que existe un d\u00e9ficit de personal en la Polic\u00eda Investigadora Ministerial (PIM) y que existen muchos pendientes en la dependencia, aunque tambi\u00e9n se han esclarecido \u201calgunos casos emblem\u00e1ticos\u201d.<\/p>\n\n\n\n<p>Salvador Calleja estuvo este jueves en las instalaciones del Congreso local, donde se registr\u00f3 como aspirante a ocupar la titularidad de la FGE.<\/p>\n\n\n\n<p>Al retirarse, manifest\u00f3 que su propuesta no est\u00e1 centrada solo en la ruta de la continuidad de los trabajos que desarrolla la FGE en la actualidad, tomando en cuenta que el ha sido parte de la instituci\u00f3n desde hace m\u00e1s de 20 a\u00f1os.<\/p>\n\n\n\n<p>Dijo que le apuesta a la profesionalizaci\u00f3n del personal, fomentando la carrera ministerial.<\/p>\n\n\n\n<p>Reconoci\u00f3 que hay en estos momentos un d\u00e9ficit de personal en la Polic\u00eda Ministerial, que es la encargada de cumplimentar los mandatos judiciales, principalmente porque existe una gran cantidad de elementos en incapacidad permanente.<\/p>\n\n\n\n<p>Aunque admiti\u00f3 que no tiene el dato preciso de cuantos elementos se encuentran en la incapacidad permanente, el encargado de la FGE sostuvo que el personal que se encuentra en operativo es confiable, \u201cporque cumplen con su funci\u00f3n de investigaci\u00f3n\u201d.<\/p>\n\n\n\n<p>Dijo que cada a\u00f1o se inician muchas carpetas de investigaci\u00f3n, por lo que resulta natural que haya muchos pendientes, \u201c\u00b4porque la capacidad presupuestal y humana quiz\u00e1 no alcanza\u201d.<\/p>\n\n\n\n<p>Sin embargo anot\u00f3: \u201cSe han resuelto tambi\u00e9n algunos casos emblem\u00e1ticos\u201d.<\/p>\n\n\n\n<p>Cuando se le pregunt\u00f3, solamente se\u00f1al\u00f3 que se trata de algunos homicidios que se han esclarecido y en los que ya se tienen sentencias con detenidos.<\/p>\n\n\n\n<p>H\u00e9ctor Salvador Calleja dijo que tiene la preparaci\u00f3n suficiente para ocupar la FGE, instituci\u00f3n en la que trabaja desde 1981 y reconoci\u00f3 que hay en estos momentos \u201cpiso parejo\u201d para todos los que se han inscrito.<\/p>\n","protected":false},"excerpt":{"rendered":"<p>&#8211; H\u00e9ctor Salvador Calleja se registra como aspirante a ser fiscal del Estado, aclara que no habr\u00e1 continuidad y que revolucionar\u00e1 la dependencia Rogelio Agust\u00edn El encargado de despacho de&hellip; <\/p>\n","protected":false},"author":1,"featured_media":38335,"comment_status":"open","ping_status":"open","sticky":false,"template":"","format":"standard","meta":{"fifu_image_url":"","fifu_image_alt":"","footnotes":""},"categories":[27],"tags":[],"class_list":["post-38333","post","type-post","status-publish","format-standard","has-post-thumbnail","hentry","category-seguridad-publica"],"_links":{"self":[{"href":"https:\/\/www.interaccionnoticias.com.mx\/index.php?rest_route=\/wp\/v2\/posts\/38333","targetHints":{"allow":["GET"]}}],"collection":[{"href":"https:\/\/www.interaccionnoticias.com.mx\/index.php?rest_route=\/wp\/v2\/posts"}],"about":[{"href":"https:\/\/www.interaccionnoticias.com.mx\/index.php?rest_route=\/wp\/v2\/types\/post"}],"author":[{"embeddable":true,"href":"https:\/\/www.interaccionnoticias.com.mx\/index.php?rest_route=\/wp\/v2\/users\/1"}],"replies":[{"embeddable":true,"href":"https:\/\/www.interaccionnoticias.com.mx\/index.php?rest_route=%2Fwp%2Fv2%2Fcomments&post=38333"}],"version-history":[{"count":0,"href":"https:\/\/www.interaccionnoticias.com.mx\/index.php?rest_route=\/wp\/v2\/posts\/38333\/revisions"}],"wp:featuredmedia":[{"embeddable":true,"href":"https:\/\/www.interaccionnoticias.com.mx\/index.php?rest_route=\/wp\/v2\/media\/38335"}],"wp:attachment":[{"href":"https:\/\/www.interaccionnoticias.com.mx\/index.php?rest_route=%2Fwp%2Fv2%2Fmedia&parent=38333"}],"wp:term":[{"taxonomy":"category","embeddable":true,"href":"https:\/\/www.interaccionnoticias.com.mx\/index.php?rest_route=%2Fwp%2Fv2%2Fcategories&post=38333"},{"taxonomy":"post_tag","embeddable":true,"href":"https:\/\/www.interaccionnoticias.com.mx\/index.php?rest_route=%2Fwp%2Fv2%2Ftags&post=38333"}],"curies":[{"name":"wp","href":"https:\/\/api.w.org\/{rel}","templated":true}]}}