{"id":38328,"date":"2021-11-25T19:37:53","date_gmt":"2021-11-26T01:37:53","guid":{"rendered":"http:\/\/www.inter-accion.com.mx\/?p=38328"},"modified":"2021-11-25T19:37:53","modified_gmt":"2021-11-26T01:37:53","slug":"38328","status":"publish","type":"post","link":"https:\/\/www.interaccionnoticias.com.mx\/?p=38328","title":{"rendered":"Organizaciones, Gobierno y Congreso coinciden en que el campo debe recibir presupuesto suficiente en 2022"},"content":{"rendered":"\n<p><strong><em>&#8211; Durante los \u00faltimos a\u00f1os se le abandon\u00f3, ahora se le debe respaldar, se\u00f1alan en Foro Estatal<\/em><\/strong><\/p>\n\n\n\n<p><strong>Rogelio Agust\u00edn<\/strong><\/p>\n\n\n\n<p>Representantes del Gobierno del Estado, del Congreso local y organizaciones sociales reconocieron la necesidad de asignar al campo un presupuesto suficiente, para garantizar el desarrollo del sector rural, que se encuentra sumamente afectado.<\/p>\n\n\n\n<p>En el foro denominado \u201cLa importancia del Campo para la Transformaci\u00f3n de Guerrero\u201d participaron organizaciones de las siete regiones, en donde intervinieron dirigentes como Maclovio Avil\u00e9s Garc\u00eda, de la Central Campesina Independiente (CCI); Marco Antonio Reyes Campos, de la Uni\u00f3n Nacional de Trabajadores Agr\u00edcolas (UNTA); Guillermo Reyes Villela, de la Confederaci\u00f3n Nacional Campesina (CNC), David Dami\u00e1n Garc\u00eda, de la Asociaci\u00f3n Civil PUEDEES y Pilar Campos, integrante de la UNTA.<\/p>\n\n\n\n<p>Las ponencias versaron sobre las dificultades que enfrentan los productores en el estado y el pa\u00eds, por lo que se requiere una atenci\u00f3n integral, que permita sentar las bases para ir remontando todas las limitaciones que actualmente se enfrentan.<\/p>\n\n\n\n<p>Evencio Romero Sotelo, secretario general de la Liga de Comunidades Agrarias y Sindicatos Campesinos (LCASC), sostuvo que el apoyo que de manera constante se manifiesta en el discurso, debe traducirse en hechos al momento de dise\u00f1ar el presupuesto de egresos 2022, pues en el pasado reciente se ha generado una severa afectaci\u00f3n, lo que se traduce en el abandono al sector desde el dise\u00f1o de las pol\u00edticas p\u00fablicas.<\/p>\n\n\n\n<p>Estrella Bernal, presidenta de la Comisi\u00f3n de Presupuesto y Cuenta P\u00fablica, admiti\u00f3 que genera tristeza el saber que al campesino se le ha burlado durante mucho tiempo, \u201cpues con un bulto de fertilizante creen que los enga\u00f1an, adem\u00e1s, muchos solamente los buscan en los periodos de campa\u00f1a y eso no es correcto\u201d.<\/p>\n\n\n\n<p>H\u00e9ctor Apreza Patr\u00f3n, coordinador de la fracci\u00f3n parlamentaria del PRI, dijo a las organizaciones que cuentan con el respaldo de los diputados para hacer un an\u00e1lisis detallado y profundo del proyecto que durante los pr\u00f3ximos d\u00edas habr\u00e1 de presentar el Gobierno de Guerrero.<\/p>\n\n\n\n<p>Dijo que siempre es positivo escuchar los reclamos de las organizaciones, para tener clara la ruta que se debe seguir al momento de tomar decisiones tan importantes como la aprobaci\u00f3n de un presupuesto.<\/p>\n\n\n\n<p>El presidente de la Junta de Coordinaci\u00f3n Pol\u00edtica (Jucopo), Alfredo S\u00e1nchez Esquivel manifest\u00f3 la importancia de analizar ese tipo de asuntos sin dejar que prevalezcan las banderas de tipo pol\u00edtico.<\/p>\n\n\n\n<p>\u201cEsto no es de partidos pol\u00edticos ni de ideolog\u00edas, debemos realizar un trabajo muy apegado a la realidad, porque tampoco se trata de plantear solo buenas intenciones\u201d, destac\u00f3.<\/p>\n\n\n\n<p>El titular de la Secretar\u00eda de Agricultura en el Gobierno de Guerrero, Jorge Peto Calder\u00f3n reconoci\u00f3 la importancia de escuchar las voces del campo de Guerrero, que de manera importante se encuentra contenida en las organizaciones.<\/p>\n\n\n\n<p>\u201cBusquemos un presupuesto significativo, aplicado para construir lo que anhela el pueblo\u201d, dijo el funcionario.<\/p>\n\n\n\n<p>Peto Calder\u00f3n sostuvo que durante muchos a\u00f1os, las demandas del campo no fueron atendidas, lo que propici\u00f3 problemas que actualmente representan una fuerte limitante para detonar el verdadero potencial del campo.<\/p>\n\n\n\n<p>Por esa raz\u00f3n, manifest\u00f3 que espera que haya sensibilidad entre los diputados de todas las fuerzas pol\u00edticas al momento de aprobar el presupuesto 2022, pues record\u00f3 que incluso, entre los planteamientos de campa\u00f1a de la gobernadora Evelyn Salgado Pineda, entre los planteamientos que se hicieron de manera recurrente fue dar el apoyo correspondiente a los peque\u00f1os, medianos y grandes productores.<\/p>\n","protected":false},"excerpt":{"rendered":"<p>&#8211; Durante los \u00faltimos a\u00f1os se le abandon\u00f3, ahora se le debe respaldar, se\u00f1alan en Foro Estatal Rogelio Agust\u00edn Representantes del Gobierno del Estado, del Congreso local y organizaciones sociales&hellip; <\/p>\n","protected":false},"author":1,"featured_media":38329,"comment_status":"open","ping_status":"open","sticky":false,"template":"","format":"standard","meta":{"fifu_image_url":"","fifu_image_alt":"","footnotes":""},"categories":[2],"tags":[],"class_list":["post-38328","post","type-post","status-publish","format-standard","has-post-thumbnail","hentry","category-congreso"],"_links":{"self":[{"href":"https:\/\/www.interaccionnoticias.com.mx\/index.php?rest_route=\/wp\/v2\/posts\/38328","targetHints":{"allow":["GET"]}}],"collection":[{"href":"https:\/\/www.interaccionnoticias.com.mx\/index.php?rest_route=\/wp\/v2\/posts"}],"about":[{"href":"https:\/\/www.interaccionnoticias.com.mx\/index.php?rest_route=\/wp\/v2\/types\/post"}],"author":[{"embeddable":true,"href":"https:\/\/www.interaccionnoticias.com.mx\/index.php?rest_route=\/wp\/v2\/users\/1"}],"replies":[{"embeddable":true,"href":"https:\/\/www.interaccionnoticias.com.mx\/index.php?rest_route=%2Fwp%2Fv2%2Fcomments&post=38328"}],"version-history":[{"count":0,"href":"https:\/\/www.interaccionnoticias.com.mx\/index.php?rest_route=\/wp\/v2\/posts\/38328\/revisions"}],"wp:featuredmedia":[{"embeddable":true,"href":"https:\/\/www.interaccionnoticias.com.mx\/index.php?rest_route=\/wp\/v2\/media\/38329"}],"wp:attachment":[{"href":"https:\/\/www.interaccionnoticias.com.mx\/index.php?rest_route=%2Fwp%2Fv2%2Fmedia&parent=38328"}],"wp:term":[{"taxonomy":"category","embeddable":true,"href":"https:\/\/www.interaccionnoticias.com.mx\/index.php?rest_route=%2Fwp%2Fv2%2Fcategories&post=38328"},{"taxonomy":"post_tag","embeddable":true,"href":"https:\/\/www.interaccionnoticias.com.mx\/index.php?rest_route=%2Fwp%2Fv2%2Ftags&post=38328"}],"curies":[{"name":"wp","href":"https:\/\/api.w.org\/{rel}","templated":true}]}}