{"id":38314,"date":"2021-11-25T18:25:41","date_gmt":"2021-11-26T00:25:41","guid":{"rendered":"http:\/\/www.inter-accion.com.mx\/?p=38314"},"modified":"2021-11-25T18:25:41","modified_gmt":"2021-11-26T00:25:41","slug":"38314","status":"publish","type":"post","link":"https:\/\/www.interaccionnoticias.com.mx\/?p=38314","title":{"rendered":"Marchan feministas en Acapulco"},"content":{"rendered":"\n<p><strong><em>&#8211; Rechazan la venta de ni\u00f1as en Guerrero<br>&#8211; Cierran la costera Miguel Alem\u00e1n<\/em><\/strong><\/p>\n\n\n\n<p><strong>Javier Trujillo<\/strong><\/p>\n\n\n\n<p><strong>Acapulco, Gro.- <\/strong>Con c\u00e1nticos contra el machismo, y la venta de ni\u00f1as en Guerrero, marcharon unas 50 mujeres ataviadas con indumentaria en negro y morado, cerrando la Costera Miguel Alem\u00e1n hasta el z\u00f3calo de Acapulco.<\/p>\n\n\n\n<p>Alrededor de las 16:30 horas parti\u00f3 la marcha del Asta Bandera en la principal avenida tur\u00edstica del puerto, con rumbo al z\u00f3calo porte\u00f1o.<\/p>\n\n\n\n<p>Las manifestantes llamaron a la ciudadan\u00eda a sumarse al grito de justicia, su rechazo a la venta de menores y sobre todo participar en la marcha, donde realizar\u00edan un tendedero, una batucada y un performance.<\/p>\n\n\n\n<p>La inconformidad de los autom\u00f3vilistas se hizo presente, pues hab\u00eda m\u00faltiples claxonazos, ante el congestionamiento de veh\u00edculos.<\/p>\n\n\n\n<p>En una manta de aproximadamente cinco metros de largo en morado y con letras blancas se pod\u00eda leer \u00abFeministas al grito de \u00a1justicia!\u00bb, \u00abCon ropa y sin ropa mi cuerpo no se toca\u00bb, \u00abNo estoy sola mis hermanas me acompa\u00f1an\u00bb, y en una cartulina escrib\u00edan \u00abAlto a la venta de ni\u00f1as en Guerrero\u00bb.<\/p>\n\n\n\n<p>Dorantes la marcha realizaron diversas paradas para manifestarse en contra de lo que ellas considera que atenta contra las mujeres.<\/p>\n\n\n\n<p>\u00abVivimos en una sociedad que ense\u00f1a a las mujeres a cuidarse de no ser violadas en vez de ense\u00f1ar a los hombres a no violar\u00bb, se escribi\u00f3 en una de las cartulinas que llevaban las manifestantes.<\/p>\n\n\n\n<p>Luego en el quemante concreto de la v\u00eda tur\u00edstica, casi frente a la playa Karabali, escribieron con letras rojas \u00abNo es no\u00bb, y en letras negras \u00abMata a tu violador\u00bb.<\/p>\n","protected":false},"excerpt":{"rendered":"<p>&#8211; Rechazan la venta de ni\u00f1as en Guerrero&#8211; Cierran la costera Miguel Alem\u00e1n Javier Trujillo Acapulco, Gro.- Con c\u00e1nticos contra el machismo, y la venta de ni\u00f1as en Guerrero, marcharon&hellip; <\/p>\n","protected":false},"author":1,"featured_media":38316,"comment_status":"open","ping_status":"open","sticky":false,"template":"","format":"standard","meta":{"fifu_image_url":"","fifu_image_alt":"","footnotes":""},"categories":[15],"tags":[],"class_list":["post-38314","post","type-post","status-publish","format-standard","has-post-thumbnail","hentry","category-movimientos-sociales"],"_links":{"self":[{"href":"https:\/\/www.interaccionnoticias.com.mx\/index.php?rest_route=\/wp\/v2\/posts\/38314","targetHints":{"allow":["GET"]}}],"collection":[{"href":"https:\/\/www.interaccionnoticias.com.mx\/index.php?rest_route=\/wp\/v2\/posts"}],"about":[{"href":"https:\/\/www.interaccionnoticias.com.mx\/index.php?rest_route=\/wp\/v2\/types\/post"}],"author":[{"embeddable":true,"href":"https:\/\/www.interaccionnoticias.com.mx\/index.php?rest_route=\/wp\/v2\/users\/1"}],"replies":[{"embeddable":true,"href":"https:\/\/www.interaccionnoticias.com.mx\/index.php?rest_route=%2Fwp%2Fv2%2Fcomments&post=38314"}],"version-history":[{"count":0,"href":"https:\/\/www.interaccionnoticias.com.mx\/index.php?rest_route=\/wp\/v2\/posts\/38314\/revisions"}],"wp:featuredmedia":[{"embeddable":true,"href":"https:\/\/www.interaccionnoticias.com.mx\/index.php?rest_route=\/wp\/v2\/media\/38316"}],"wp:attachment":[{"href":"https:\/\/www.interaccionnoticias.com.mx\/index.php?rest_route=%2Fwp%2Fv2%2Fmedia&parent=38314"}],"wp:term":[{"taxonomy":"category","embeddable":true,"href":"https:\/\/www.interaccionnoticias.com.mx\/index.php?rest_route=%2Fwp%2Fv2%2Fcategories&post=38314"},{"taxonomy":"post_tag","embeddable":true,"href":"https:\/\/www.interaccionnoticias.com.mx\/index.php?rest_route=%2Fwp%2Fv2%2Ftags&post=38314"}],"curies":[{"name":"wp","href":"https:\/\/api.w.org\/{rel}","templated":true}]}}