{"id":38274,"date":"2021-11-24T20:13:00","date_gmt":"2021-11-25T02:13:00","guid":{"rendered":"http:\/\/www.inter-accion.com.mx\/?p=38274"},"modified":"2021-11-24T20:13:00","modified_gmt":"2021-11-25T02:13:00","slug":"38274","status":"publish","type":"post","link":"https:\/\/www.interaccionnoticias.com.mx\/?p=38274","title":{"rendered":"Marina y Polic\u00eda del Estado asumen el control de Huitzuco de los Figueroa"},"content":{"rendered":"\n<p><strong><em>&#8211; El domingo, tres j\u00f3venes fueron asesinados por romper presunto toque de queda impuesto por delincuentes<\/em><\/strong><\/p>\n\n\n\n<p><strong>Jes\u00fas Dorantes<\/strong><\/p>\n\n\n\n<p><strong>Chilpancingo , Gro .- <\/strong>Tras el asesinato de tres j\u00f3venes que supuestamente rompieron un \u201ctoque de queda\u201d impuesto por delincuentes, elementos de la Polic\u00eda del Estado y la Marina Armada pusieron en marcha operativos de vigilancia en Huitzuco de los Figueroa, municipio ubicado en la regi\u00f3n Norte de Guerrero.<\/p>\n\n\n\n<p>De acuerdo con un comunicado emitido la noche del mi\u00e9rcoles 24 de noviembre, el despliegue de va encaminado a salvaguardar la integridad de los habitantes.<\/p>\n\n\n\n<p>Durante la jornada del domingo 21 de noviembre, tres j\u00f3venes fueron asesinados por un grupo armado en la colonia Ruffo Figueroa, se ha difundido en redes sociales y medios de comunicaci\u00f3n, que la causa fue porque las v\u00edctimas salieron de sus casas fuera del horario impuesto por un presunto grupo del crimen organizado.<\/p>\n\n\n\n<p>Elementos de la Polic\u00eda del Estado, la Unidad de Fuerzas Especiales, la Secretar\u00edan Marina trabajan en la vigilancia, durante ciertas horas del d\u00eda se adhiere personal de la Secretar\u00eda de la Defensa Nacional (SEDENA).<\/p>\n\n\n\n<p>El operativo fue confirmado por el subsecretario de Prevenci\u00f3n y Operaci\u00f3n Policial, Irving Jim\u00e9nez S\u00e1nchez, quien tambi\u00e9n dio a conocer que se realizan actividades de proximidad social.<\/p>\n\n\n\n<p>Estos operativos de vigilancia se implantan luego de que la estrategia fuera aprobada por la Mesa Estatal de Construcci\u00f3n de la Paz, que sesion\u00f3 la ma\u00f1ana del 24 de noviembre.<\/p>\n","protected":false},"excerpt":{"rendered":"<p>&#8211; El domingo, tres j\u00f3venes fueron asesinados por romper presunto toque de queda impuesto por delincuentes Jes\u00fas Dorantes Chilpancingo , Gro .- Tras el asesinato de tres j\u00f3venes que supuestamente&hellip; <\/p>\n","protected":false},"author":1,"featured_media":38267,"comment_status":"open","ping_status":"open","sticky":false,"template":"","format":"standard","meta":{"fifu_image_url":"","fifu_image_alt":"","footnotes":""},"categories":[27],"tags":[],"class_list":["post-38274","post","type-post","status-publish","format-standard","has-post-thumbnail","hentry","category-seguridad-publica"],"_links":{"self":[{"href":"https:\/\/www.interaccionnoticias.com.mx\/index.php?rest_route=\/wp\/v2\/posts\/38274","targetHints":{"allow":["GET"]}}],"collection":[{"href":"https:\/\/www.interaccionnoticias.com.mx\/index.php?rest_route=\/wp\/v2\/posts"}],"about":[{"href":"https:\/\/www.interaccionnoticias.com.mx\/index.php?rest_route=\/wp\/v2\/types\/post"}],"author":[{"embeddable":true,"href":"https:\/\/www.interaccionnoticias.com.mx\/index.php?rest_route=\/wp\/v2\/users\/1"}],"replies":[{"embeddable":true,"href":"https:\/\/www.interaccionnoticias.com.mx\/index.php?rest_route=%2Fwp%2Fv2%2Fcomments&post=38274"}],"version-history":[{"count":0,"href":"https:\/\/www.interaccionnoticias.com.mx\/index.php?rest_route=\/wp\/v2\/posts\/38274\/revisions"}],"wp:featuredmedia":[{"embeddable":true,"href":"https:\/\/www.interaccionnoticias.com.mx\/index.php?rest_route=\/wp\/v2\/media\/38267"}],"wp:attachment":[{"href":"https:\/\/www.interaccionnoticias.com.mx\/index.php?rest_route=%2Fwp%2Fv2%2Fmedia&parent=38274"}],"wp:term":[{"taxonomy":"category","embeddable":true,"href":"https:\/\/www.interaccionnoticias.com.mx\/index.php?rest_route=%2Fwp%2Fv2%2Fcategories&post=38274"},{"taxonomy":"post_tag","embeddable":true,"href":"https:\/\/www.interaccionnoticias.com.mx\/index.php?rest_route=%2Fwp%2Fv2%2Ftags&post=38274"}],"curies":[{"name":"wp","href":"https:\/\/api.w.org\/{rel}","templated":true}]}}