{"id":38271,"date":"2021-11-24T19:49:00","date_gmt":"2021-11-25T01:49:00","guid":{"rendered":"http:\/\/www.inter-accion.com.mx\/?p=38271"},"modified":"2021-11-24T19:49:00","modified_gmt":"2021-11-25T01:49:00","slug":"38271","status":"publish","type":"post","link":"https:\/\/www.interaccionnoticias.com.mx\/?p=38271","title":{"rendered":"Piden en el Congreso de Guerrero no normalizar la venta de ni\u00f1as para matrimonios forzados"},"content":{"rendered":"\n<p><strong><em>&#8211; Las polic\u00edas comunitarias no deben encarcelar a los menores que se resisten a acatar los acuerdos de sus padres<\/em><\/strong><\/p>\n\n\n\n<p><strong>Rogelio Agust\u00edn<\/strong><\/p>\n\n\n\n<p>En la tribuna del Congreso, la diputada local Marben de la Cruz Santiago llam\u00f3 a dejar de normalizar la venta de ni\u00f1as para matrimonio forzado, pero adem\u00e1s, pidi\u00f3 a las polic\u00edas comunitarias no detener a los menores que se resisten a cazarse en contra de su voluntad.<\/p>\n\n\n\n<p>Durante la sesi\u00f3n que tuvo verificativo la tarde del 24 de noviembre, la integrante de la fracci\u00f3n parlamentaria de Morena destac\u00f3 el caso de la menor de 15 a\u00f1os, Ang\u00e9lica \u201cN\u201d, quien huy\u00f3 del intento de violaci\u00f3n de su suegro, lo que le vali\u00f3 ser encarcelada por la Polic\u00eda Comunitaria del lugar.<\/p>\n\n\n\n<p>\u201cBasta ya de minutos de miedo, de dolor, de silencio, de humillaci\u00f3n; no se puede seguir normalizando la venta de ni\u00f1as, porque esa practica trunca las historias y los proyectos de vida de las ni\u00f1as y las mujeres\u201d, anot\u00f3.<\/p>\n\n\n\n<p>Indic\u00f3 que vender o casar a las ni\u00f1as de manera obligada implica someterlas al delito de violaci\u00f3n, lo que se puede presentar en todas las regiones del estado, aunque de manera m\u00e1s recurrente en las zonas de mayor marginaci\u00f3n.<\/p>\n\n\n\n<p>La representante popular, de origen afro, sostuvo que \u201cla venta de ni\u00f1as se da de manera cotidiana y se debe reconocer el problema de los matrimonios forzados y del abuso sexual\u201d.<\/p>\n\n\n\n<p>Llam\u00f3 a dar la atenci\u00f3n a las mujeres y las ni\u00f1as, porque hasta el momento no hay acciones contundentes, que permitan la erradicaci\u00f3n efectiva de la venta de menores.<\/p>\n\n\n\n<p>\u201cEllas no pueden ni siquiera denunciar, est\u00e1n inmersas en una espiral de violencia en esa situaci\u00f3n, dejan de estudiar y de prepararse para la vida\u201d, asever\u00f3.<\/p>\n\n\n\n<p>La representante popular hizo un llamado tambi\u00e9n a las polic\u00edas comunitarias que operan en la Monta\u00f1a y Costa Chica: \u201cLos ni\u00f1os y las ni\u00f1as no deben ser presos por no realizar acciones a las que se ven forzados\u201d.<\/p>\n\n\n\n<p>Agreg\u00f3: \u201cA esa edad deben jugar, divertirse, desarrollarse y ser feliz, no deben ser violados en sus derechos, a las ni\u00f1as y los ni\u00f1os no se toca\u201d.<\/p>\n\n\n\n<p>Pidi\u00f3 a las comisiones legislativas de Asuntos de la Mujer; de los Ni\u00f1os y las Ni\u00f1as, Seguridad P\u00fablica, Desarrollo y Bienestar Social y Justicia, para que se act\u00fae de manera decisiva para erradicar ese tipo de pr\u00e1cticas.<\/p>\n","protected":false},"excerpt":{"rendered":"<p>&#8211; Las polic\u00edas comunitarias no deben encarcelar a los menores que se resisten a acatar los acuerdos de sus padres Rogelio Agust\u00edn En la tribuna del Congreso, la diputada local&hellip; <\/p>\n","protected":false},"author":1,"featured_media":38264,"comment_status":"open","ping_status":"open","sticky":false,"template":"","format":"standard","meta":{"fifu_image_url":"","fifu_image_alt":"","footnotes":""},"categories":[2],"tags":[],"class_list":["post-38271","post","type-post","status-publish","format-standard","has-post-thumbnail","hentry","category-congreso"],"_links":{"self":[{"href":"https:\/\/www.interaccionnoticias.com.mx\/index.php?rest_route=\/wp\/v2\/posts\/38271","targetHints":{"allow":["GET"]}}],"collection":[{"href":"https:\/\/www.interaccionnoticias.com.mx\/index.php?rest_route=\/wp\/v2\/posts"}],"about":[{"href":"https:\/\/www.interaccionnoticias.com.mx\/index.php?rest_route=\/wp\/v2\/types\/post"}],"author":[{"embeddable":true,"href":"https:\/\/www.interaccionnoticias.com.mx\/index.php?rest_route=\/wp\/v2\/users\/1"}],"replies":[{"embeddable":true,"href":"https:\/\/www.interaccionnoticias.com.mx\/index.php?rest_route=%2Fwp%2Fv2%2Fcomments&post=38271"}],"version-history":[{"count":0,"href":"https:\/\/www.interaccionnoticias.com.mx\/index.php?rest_route=\/wp\/v2\/posts\/38271\/revisions"}],"wp:featuredmedia":[{"embeddable":true,"href":"https:\/\/www.interaccionnoticias.com.mx\/index.php?rest_route=\/wp\/v2\/media\/38264"}],"wp:attachment":[{"href":"https:\/\/www.interaccionnoticias.com.mx\/index.php?rest_route=%2Fwp%2Fv2%2Fmedia&parent=38271"}],"wp:term":[{"taxonomy":"category","embeddable":true,"href":"https:\/\/www.interaccionnoticias.com.mx\/index.php?rest_route=%2Fwp%2Fv2%2Fcategories&post=38271"},{"taxonomy":"post_tag","embeddable":true,"href":"https:\/\/www.interaccionnoticias.com.mx\/index.php?rest_route=%2Fwp%2Fv2%2Ftags&post=38271"}],"curies":[{"name":"wp","href":"https:\/\/api.w.org\/{rel}","templated":true}]}}