{"id":38261,"date":"2021-11-24T19:05:00","date_gmt":"2021-11-25T01:05:00","guid":{"rendered":"http:\/\/www.inter-accion.com.mx\/?p=38261"},"modified":"2021-11-24T19:05:00","modified_gmt":"2021-11-25T01:05:00","slug":"38261","status":"publish","type":"post","link":"https:\/\/www.interaccionnoticias.com.mx\/?p=38261","title":{"rendered":"Presenta Flor A\u00f1orve  iniciativa para ayudar a personas que viven en pobreza extrema."},"content":{"rendered":"\n<p><strong>Chilpancingo, Gro., noviembre 24 del 2021. &#8212;\u00a0<\/strong>Con el objetivo de disminuir los \u00edndices de pobreza en Guerrero, la diputada Flor A\u00f1orve Ocampo present\u00f3 una iniciativa de ley de apoyo alimentario para personas que vive en pobreza extrema.<br>\u00a0<br>Durante la sesi\u00f3n de este martes, la diputada present\u00f3 ante el pleno del Congreso Local, una iniciativa de ley que pretende otorgar apoyo alimentario para las personas en pobreza extrema del Estado de Guerrero.<br>\u00a0<br>La legisladora apunt\u00f3 que la legislaci\u00f3n pol\u00edtica del Estado Libre y Soberano de Guerrero, en su art\u00edculo sexto se\u00f1ala que el Estado atender\u00e1 de manera program\u00e1tica y planificada los derechos econ\u00f3micos, sociales, culturales y ambientales.<br>\u00a0<br>Por lo que consider\u00f3 de suma importancia la creaci\u00f3n de ordenamientos jur\u00eddicos que garanticen su ejercicio, a trav\u00e9s de programas y acciones que coadyuven a fortalecer el acceso y la utilizaci\u00f3n por parte de la poblaci\u00f3n de los recursos que aseguren sus medios de vida, incluida la seguridad alimentaria.<br>\u00a0<br>La tambi\u00e9n presidenta de la Mesa Directiva de la 63 Legislatura reconoci\u00f3 que el combate a la pobreza no es una tarea f\u00e1cil y por ello considera como uno de los retos m\u00e1s dif\u00edciles para los gobiernos en la historia de la humanidad, por lo que se requiere de una decidida participaci\u00f3n.<br>\u00a0<br>Dicha iniciativa propone otorgar el apoyo alimentario a todas las personas que vivan en pobreza extrema, estableciendo los mecanismos, acciones y estrategias necesarias para garantizar el pleno ejercicio al derecho a la alimentaci\u00f3n, adem\u00e1s se contempla la creaci\u00f3n del apoyo alimentario de car\u00e1cter p\u00fablico y de observancia general como un acto de justicia social a favor de las personas que viven en esas condiciones.<br>\u00a0<br>Tambi\u00e9n considera que la Secretar\u00eda de Desarrollo y Bienestar Social, como la encargada de su aplicaci\u00f3n, a trav\u00e9s de las modalidades establecidas como comedores comunitarios, restaurantes o establecimientos de consumo de alimentos.<br>\u00a0<br>Para la realizaci\u00f3n de dicha iniciativa el presupuesto, se contempla como una obligaci\u00f3n del Poder Ejecutivo Estatal, para que sea incluido en el proyecto de decreto del presupuesto de egresos del Estado de Guerrero.<br>\u00a0<br>Cabe mencionar que dicha iniciativa fue turnada a la Comisi\u00f3n de Desarrollo y Bienestar Social, para su an\u00e1lisis y emisi\u00f3n del dictamen.\u00a0<\/p>\n","protected":false},"excerpt":{"rendered":"<p>Chilpancingo, Gro., noviembre 24 del 2021. &#8212;\u00a0Con el objetivo de disminuir los \u00edndices de pobreza en Guerrero, la diputada Flor A\u00f1orve Ocampo present\u00f3 una iniciativa de ley de apoyo alimentario&hellip; <\/p>\n","protected":false},"author":1,"featured_media":38265,"comment_status":"open","ping_status":"open","sticky":false,"template":"","format":"standard","meta":{"fifu_image_url":"","fifu_image_alt":"","footnotes":""},"categories":[2],"tags":[],"class_list":["post-38261","post","type-post","status-publish","format-standard","has-post-thumbnail","hentry","category-congreso"],"_links":{"self":[{"href":"https:\/\/www.interaccionnoticias.com.mx\/index.php?rest_route=\/wp\/v2\/posts\/38261","targetHints":{"allow":["GET"]}}],"collection":[{"href":"https:\/\/www.interaccionnoticias.com.mx\/index.php?rest_route=\/wp\/v2\/posts"}],"about":[{"href":"https:\/\/www.interaccionnoticias.com.mx\/index.php?rest_route=\/wp\/v2\/types\/post"}],"author":[{"embeddable":true,"href":"https:\/\/www.interaccionnoticias.com.mx\/index.php?rest_route=\/wp\/v2\/users\/1"}],"replies":[{"embeddable":true,"href":"https:\/\/www.interaccionnoticias.com.mx\/index.php?rest_route=%2Fwp%2Fv2%2Fcomments&post=38261"}],"version-history":[{"count":0,"href":"https:\/\/www.interaccionnoticias.com.mx\/index.php?rest_route=\/wp\/v2\/posts\/38261\/revisions"}],"wp:featuredmedia":[{"embeddable":true,"href":"https:\/\/www.interaccionnoticias.com.mx\/index.php?rest_route=\/wp\/v2\/media\/38265"}],"wp:attachment":[{"href":"https:\/\/www.interaccionnoticias.com.mx\/index.php?rest_route=%2Fwp%2Fv2%2Fmedia&parent=38261"}],"wp:term":[{"taxonomy":"category","embeddable":true,"href":"https:\/\/www.interaccionnoticias.com.mx\/index.php?rest_route=%2Fwp%2Fv2%2Fcategories&post=38261"},{"taxonomy":"post_tag","embeddable":true,"href":"https:\/\/www.interaccionnoticias.com.mx\/index.php?rest_route=%2Fwp%2Fv2%2Ftags&post=38261"}],"curies":[{"name":"wp","href":"https:\/\/api.w.org\/{rel}","templated":true}]}}