{"id":38252,"date":"2021-11-24T18:21:12","date_gmt":"2021-11-25T00:21:12","guid":{"rendered":"http:\/\/www.inter-accion.com.mx\/?p=38252"},"modified":"2021-11-24T18:21:12","modified_gmt":"2021-11-25T00:21:12","slug":"38252","status":"publish","type":"post","link":"https:\/\/www.interaccionnoticias.com.mx\/?p=38252","title":{"rendered":"No habr\u00e1 vigilancia especial en las elecciones de Iliatenco, anticipa el secretario de Gobierno de Guerrero"},"content":{"rendered":"\n<p><strong><em>&#8211; Sa\u00fal L\u00f3pez Sollano refiere que no hay sobresaltos\u00a0\u00a0<\/em><\/strong><\/p>\n\n\n\n<p><strong>Rogelio Agust\u00edn<\/strong><\/p>\n\n\n\n<p>El secretario general de Gobierno, Sa\u00fal L\u00f3pez Sollano anticip\u00f3 que la elecci\u00f3n extraordinaria de Iliatenco se encuentra garantizada, por lo que no habr\u00e1 ninguna estrategia especial durante la jornada del domingo 28 de noviembre.<\/p>\n\n\n\n<p>En Chilpancingo, el responsable de la pol\u00edtica interna en la entidad, dijo que se est\u00e1 atendiendo de manera normal lo relacionado con el desarrollo de la jornada electoral que este fin de semana se desarrollar\u00e1 de manera extraordinaria en la regi\u00f3n de la Monta\u00f1a.&nbsp;&nbsp; &nbsp; &nbsp; &nbsp;<\/p>\n\n\n\n<p>L\u00f3pez Sollano destac\u00f3 que s\u00ed se est\u00e1 pendiente de la jornada comicial, pero que hasta el momento no se ha detectado ninguna se\u00f1al de polarizaci\u00f3n, ni de violencia pol\u00edtica que ponga dicha elecci\u00f3n en riesgo.<\/p>\n\n\n\n<p>\u201cNo es una cuesti\u00f3n extraordinaria, las fuerzas de seguridad estatales actuar\u00e1n conforme a la ley, ajustadas a la norma\u201d, indic\u00f3 el funcionario.<\/p>\n\n\n\n<p>El 6 de junio pasado, en el estado de Guerrero se desarroll\u00f3 un proceso electoral para renovar la gubernatura, el Congreso local y 80 presidencias municipales.<\/p>\n\n\n\n<p>En 79 municipios, los procesos electorales se desarrollaron sin problemas, pero en Iliatenco, municipio ubicado en la parte alta de la Monta\u00f1a se denunci\u00f3 la comisi\u00f3n de violencia pol\u00edtica de g\u00e9nero en contra de la candidata del Movimiento Ciudadano, lo que lleg\u00f3 hasta el Tribunal Electoral del Poder Judicial de la Federaci\u00f3n (TEPJF), instancia que determin\u00f3 echar abajo el resultado inicial y convocar a un proceso electoral extraordinario.<\/p>\n\n\n\n<p>La elecci\u00f3n extraordinaria se desarrollar\u00e1 este domingo 28 de noviembre, hasta el momento no se reportan situaciones que pongan en riesgo el desarrollo de la contienda, por eso el secretario de Gobierno sostiene que no hay ninguna situaci\u00f3n fuera de lo normal.<\/p>\n","protected":false},"excerpt":{"rendered":"<p>&#8211; Sa\u00fal L\u00f3pez Sollano refiere que no hay sobresaltos\u00a0\u00a0 Rogelio Agust\u00edn El secretario general de Gobierno, Sa\u00fal L\u00f3pez Sollano anticip\u00f3 que la elecci\u00f3n extraordinaria de Iliatenco se encuentra garantizada, por&hellip; <\/p>\n","protected":false},"author":1,"featured_media":38253,"comment_status":"open","ping_status":"open","sticky":false,"template":"","format":"standard","meta":{"fifu_image_url":"","fifu_image_alt":"","footnotes":""},"categories":[11],"tags":[],"class_list":["post-38252","post","type-post","status-publish","format-standard","has-post-thumbnail","hentry","category-guerrero"],"_links":{"self":[{"href":"https:\/\/www.interaccionnoticias.com.mx\/index.php?rest_route=\/wp\/v2\/posts\/38252","targetHints":{"allow":["GET"]}}],"collection":[{"href":"https:\/\/www.interaccionnoticias.com.mx\/index.php?rest_route=\/wp\/v2\/posts"}],"about":[{"href":"https:\/\/www.interaccionnoticias.com.mx\/index.php?rest_route=\/wp\/v2\/types\/post"}],"author":[{"embeddable":true,"href":"https:\/\/www.interaccionnoticias.com.mx\/index.php?rest_route=\/wp\/v2\/users\/1"}],"replies":[{"embeddable":true,"href":"https:\/\/www.interaccionnoticias.com.mx\/index.php?rest_route=%2Fwp%2Fv2%2Fcomments&post=38252"}],"version-history":[{"count":0,"href":"https:\/\/www.interaccionnoticias.com.mx\/index.php?rest_route=\/wp\/v2\/posts\/38252\/revisions"}],"wp:featuredmedia":[{"embeddable":true,"href":"https:\/\/www.interaccionnoticias.com.mx\/index.php?rest_route=\/wp\/v2\/media\/38253"}],"wp:attachment":[{"href":"https:\/\/www.interaccionnoticias.com.mx\/index.php?rest_route=%2Fwp%2Fv2%2Fmedia&parent=38252"}],"wp:term":[{"taxonomy":"category","embeddable":true,"href":"https:\/\/www.interaccionnoticias.com.mx\/index.php?rest_route=%2Fwp%2Fv2%2Fcategories&post=38252"},{"taxonomy":"post_tag","embeddable":true,"href":"https:\/\/www.interaccionnoticias.com.mx\/index.php?rest_route=%2Fwp%2Fv2%2Ftags&post=38252"}],"curies":[{"name":"wp","href":"https:\/\/api.w.org\/{rel}","templated":true}]}}