{"id":38247,"date":"2021-11-24T17:20:35","date_gmt":"2021-11-24T23:20:35","guid":{"rendered":"http:\/\/www.inter-accion.com.mx\/?p=38247"},"modified":"2021-11-24T17:20:35","modified_gmt":"2021-11-24T23:20:35","slug":"38247","status":"publish","type":"post","link":"https:\/\/www.interaccionnoticias.com.mx\/?p=38247","title":{"rendered":"Exigen justicia para Juan Mendoza y su esposa"},"content":{"rendered":"\n<p><strong><em>&#8211; A cinco a\u00f1os de la desaparici\u00f3n de transportistas marchan\u00a0<br>&#8211; Nadie atendi\u00f3 a los manifestantes<\/em><\/strong>\u00a0<\/p>\n\n\n\n<p><strong>Javier Trujillo\u00a0<\/strong><\/p>\n\n\n\n<p><strong>Acapulco, Gro. \u2013<\/strong> Tras la desaparici\u00f3n desde hace cinco a\u00f1os del l\u00edder transportista Juan Mendoza Tapia y su esposa Carolina Santos Delgado, marcharon organizaciones sociales en Acapulco.\u00a0<\/p>\n\n\n\n<p>Era un centenar de transportistas y familiares, en la zona Diamante de la ciudad, exigiendo justicia a cinco a\u00f1os de la desaparici\u00f3n del l\u00edder de la Coordinadora Estatal de Transportistas Independientes de Guerrero (CETIG), Juan Mendoza Tapia y de su esposa Carolina Santos.&nbsp;<\/p>\n\n\n\n<p>Con una manta y las fotograf\u00edas de los l\u00edderes del transporte p\u00fablico, los manifestantes exigieron la presentaci\u00f3n con vida.&nbsp;<\/p>\n\n\n\n<p>Tambi\u00e9n reclaman la presentaci\u00f3n con vida de otros l\u00edderes que acompa\u00f1aban al l\u00edder del transporte, y que se encuentran desaparecidos.&nbsp;<\/p>\n\n\n\n<p>Los manifestantes, son integrantes del Frente de Organizaciones Unidas (FOU) los cuales partieron en con lonas y cartulinas marcha de la glorieta de Puerto Marqu\u00e9s y avanzaron por el bulevar Las Naciones hasta la Promotora Tur\u00edstica de Guerrero, (PROTUR), donde protestaron.&nbsp;&nbsp;<\/p>\n\n\n\n<p>Durante la marcha, los manifestantes recordaron C\u00e9sar Su\u00e1rez Cisneros y Ramiro Galindo Salom\u00e9, est\u00e1n desaparecidos desde noviembre de 2016, y hasta el momento se desconoce su paradero.&nbsp;<\/p>\n\n\n\n<p>Del caso del dirigente de la CETIG, Juan Mendoza y su conyugue Carolina Santos, quienes se encontraban junto con los otros dos l\u00edderes, fueron hallados sin vida en diciembre de ese mismo a\u00f1o.&nbsp;&nbsp;<\/p>\n\n\n\n<p>C\u00e9sar Su\u00e1rez, dijo que a cinco a\u00f1os de la desaparici\u00f3n de su hijo y asesinato del dirigente transportista, la Fiscal\u00eda General del Estado (FGE) ha sido omisa, porque no ha informado del avance en las investigaciones del caso.&nbsp;&nbsp;<\/p>\n\n\n\n<p>Se\u00f1al\u00f3 que son al menos ochos organizaciones las cuales se unieron para exigir justicia por estos casos.&nbsp;<\/p>\n\n\n\n<p>Adem\u00e1s, reclaman los cr\u00edmenes de otros luchadores sociales en el estado, como la Organizaci\u00f3n Campesina de la Sierra del Sur (OCSS), Organizaci\u00f3n Femenina, Campesina y Grupos Vulnerables, Organizaci\u00f3n Lucio Caba\u00f1as Barrientos y la Organizaci\u00f3n Campesina de Pueblos Ind\u00edgenas.&nbsp;&nbsp;<\/p>\n\n\n\n<p>Tras la marcha y protesta, los manifestantes se dispersaron de las oficinas gubernamentales de la PROTUR.<\/p>\n","protected":false},"excerpt":{"rendered":"<p>&#8211; A cinco a\u00f1os de la desaparici\u00f3n de transportistas marchan\u00a0&#8211; Nadie atendi\u00f3 a los manifestantes\u00a0 Javier Trujillo\u00a0 Acapulco, Gro. \u2013 Tras la desaparici\u00f3n desde hace cinco a\u00f1os del l\u00edder transportista&hellip; <\/p>\n","protected":false},"author":1,"featured_media":38245,"comment_status":"open","ping_status":"open","sticky":false,"template":"","format":"standard","meta":{"fifu_image_url":"","fifu_image_alt":"","footnotes":""},"categories":[15],"tags":[],"class_list":["post-38247","post","type-post","status-publish","format-standard","has-post-thumbnail","hentry","category-movimientos-sociales"],"_links":{"self":[{"href":"https:\/\/www.interaccionnoticias.com.mx\/index.php?rest_route=\/wp\/v2\/posts\/38247","targetHints":{"allow":["GET"]}}],"collection":[{"href":"https:\/\/www.interaccionnoticias.com.mx\/index.php?rest_route=\/wp\/v2\/posts"}],"about":[{"href":"https:\/\/www.interaccionnoticias.com.mx\/index.php?rest_route=\/wp\/v2\/types\/post"}],"author":[{"embeddable":true,"href":"https:\/\/www.interaccionnoticias.com.mx\/index.php?rest_route=\/wp\/v2\/users\/1"}],"replies":[{"embeddable":true,"href":"https:\/\/www.interaccionnoticias.com.mx\/index.php?rest_route=%2Fwp%2Fv2%2Fcomments&post=38247"}],"version-history":[{"count":0,"href":"https:\/\/www.interaccionnoticias.com.mx\/index.php?rest_route=\/wp\/v2\/posts\/38247\/revisions"}],"wp:featuredmedia":[{"embeddable":true,"href":"https:\/\/www.interaccionnoticias.com.mx\/index.php?rest_route=\/wp\/v2\/media\/38245"}],"wp:attachment":[{"href":"https:\/\/www.interaccionnoticias.com.mx\/index.php?rest_route=%2Fwp%2Fv2%2Fmedia&parent=38247"}],"wp:term":[{"taxonomy":"category","embeddable":true,"href":"https:\/\/www.interaccionnoticias.com.mx\/index.php?rest_route=%2Fwp%2Fv2%2Fcategories&post=38247"},{"taxonomy":"post_tag","embeddable":true,"href":"https:\/\/www.interaccionnoticias.com.mx\/index.php?rest_route=%2Fwp%2Fv2%2Ftags&post=38247"}],"curies":[{"name":"wp","href":"https:\/\/api.w.org\/{rel}","templated":true}]}}