{"id":38234,"date":"2021-11-24T14:06:00","date_gmt":"2021-11-24T20:06:00","guid":{"rendered":"http:\/\/www.inter-accion.com.mx\/?p=38234"},"modified":"2021-11-24T14:06:00","modified_gmt":"2021-11-24T20:06:00","slug":"38234","status":"publish","type":"post","link":"https:\/\/www.interaccionnoticias.com.mx\/?p=38234","title":{"rendered":"Diez a\u00f1os despu\u00e9s del caso Ayotzinapa, ex secretario de Seguridad P\u00fablica busca la Fiscal\u00eda de Guerrero"},"content":{"rendered":"\n<p><strong><em>&#8211; Ram\u00f3n Almonte Borja, asegura que no tiene \u00abconflictos de inter\u00e9s\u00bb<br>&#8211; Normalistas de Ayotzinapa lo tienen vetado<\/em><\/strong><\/p>\n\n\n\n<p><strong>Rosario Garc\u00eda Orozco<\/strong><\/p>\n\n\n\n<p>Ram\u00f3n Almonte Borja, ex secretario de seguridad del gobierno estatal, se inscribi\u00f3 como aspirante a la titularidad de la Fiscalia General del Estado, y asegur\u00f3 que no tiene conflicto de intereses, adem\u00e1s de que no est\u00e1 vinculado a ninguna carpeta de investigaci\u00f3n.<\/p>\n\n\n\n<p>Lo anterior, luego de que en diversas ocasiones han protestado los estudiantes normalistas de Ayotzinapa, para advertir que no permitir\u00e1n que Ram\u00f3n Almonte, quien era secretario de Seguridad P\u00fablica cuando se registr\u00f3 el desalojo violento en la Autopista del Sol, sea el nuevo fiscal de Guerrero.<\/p>\n\n\n\n<p>Cabe mencionar que en esos hechos violentos del 12 de diciembre del 2011, durante la administraci\u00f3n de Angel Aguirre Rivero como gobernador del estado, dos estudiantes normalistas Jorge Alexis Herrera Pino y Gabriel Echeverria de Jes\u00fas perdieron la vida, por lo que los normalistas insisten en que no permitir\u00e1n que ocupe ese cargo.<\/p>\n\n\n\n<p>Al respecto, el ex funcionario estatal puntualiz\u00f3 que no est\u00e1 impedido para ocupar ese cargo, no hay conflicto de intereses, y su nombre no est\u00e1 vinculado a ninguna carpeta de investigaci\u00f3n.<\/p>\n\n\n\n<p>Se dijo respetuoso de las opiniones de los normalistas, pero insisti\u00f3 en que ha sido investigado por varias instancias y no se Le ha demostrado ninguna responsabilidad en esos hechos de diciembre del 2011, \u00ablas protestas son un derecho que tenemos todos los mexicanos\u00bb.<\/p>\n\n\n\n<p>\u00abSoy hombre de izquierda, soy luchador social, participe en innumerables movimientos sociales, no ser\u00eda yo quien ofenda a los grupos vulnerables\u00bb, sostuvo el aspirante s Fiscal General del Estado.<\/p>\n","protected":false},"excerpt":{"rendered":"<p>&#8211; Ram\u00f3n Almonte Borja, asegura que no tiene \u00abconflictos de inter\u00e9s\u00bb&#8211; Normalistas de Ayotzinapa lo tienen vetado Rosario Garc\u00eda Orozco Ram\u00f3n Almonte Borja, ex secretario de seguridad del gobierno estatal,&hellip; <\/p>\n","protected":false},"author":1,"featured_media":38235,"comment_status":"open","ping_status":"open","sticky":false,"template":"","format":"standard","meta":{"fifu_image_url":"","fifu_image_alt":"","footnotes":""},"categories":[2],"tags":[],"class_list":["post-38234","post","type-post","status-publish","format-standard","has-post-thumbnail","hentry","category-congreso"],"_links":{"self":[{"href":"https:\/\/www.interaccionnoticias.com.mx\/index.php?rest_route=\/wp\/v2\/posts\/38234","targetHints":{"allow":["GET"]}}],"collection":[{"href":"https:\/\/www.interaccionnoticias.com.mx\/index.php?rest_route=\/wp\/v2\/posts"}],"about":[{"href":"https:\/\/www.interaccionnoticias.com.mx\/index.php?rest_route=\/wp\/v2\/types\/post"}],"author":[{"embeddable":true,"href":"https:\/\/www.interaccionnoticias.com.mx\/index.php?rest_route=\/wp\/v2\/users\/1"}],"replies":[{"embeddable":true,"href":"https:\/\/www.interaccionnoticias.com.mx\/index.php?rest_route=%2Fwp%2Fv2%2Fcomments&post=38234"}],"version-history":[{"count":0,"href":"https:\/\/www.interaccionnoticias.com.mx\/index.php?rest_route=\/wp\/v2\/posts\/38234\/revisions"}],"wp:featuredmedia":[{"embeddable":true,"href":"https:\/\/www.interaccionnoticias.com.mx\/index.php?rest_route=\/wp\/v2\/media\/38235"}],"wp:attachment":[{"href":"https:\/\/www.interaccionnoticias.com.mx\/index.php?rest_route=%2Fwp%2Fv2%2Fmedia&parent=38234"}],"wp:term":[{"taxonomy":"category","embeddable":true,"href":"https:\/\/www.interaccionnoticias.com.mx\/index.php?rest_route=%2Fwp%2Fv2%2Fcategories&post=38234"},{"taxonomy":"post_tag","embeddable":true,"href":"https:\/\/www.interaccionnoticias.com.mx\/index.php?rest_route=%2Fwp%2Fv2%2Ftags&post=38234"}],"curies":[{"name":"wp","href":"https:\/\/api.w.org\/{rel}","templated":true}]}}