{"id":3823,"date":"2017-04-26T19:27:16","date_gmt":"2017-04-27T00:27:16","guid":{"rendered":"http:\/\/www.inter-accion.com.mx\/?p=3823"},"modified":"2017-04-26T19:27:16","modified_gmt":"2017-04-27T00:27:16","slug":"organizaciones-sociales-se-solidarizan-con-padres-de-los-43","status":"publish","type":"post","link":"https:\/\/www.interaccionnoticias.com.mx\/?p=3823","title":{"rendered":"Organizaciones sociales se solidarizan con padres de los 43"},"content":{"rendered":"<p class=\"m_-6299412112039686929xmsonormal\"><span lang=\"ES\">* Condenan el uso de gas lacrimogeno en su contra<\/span><\/p>\n<p class=\"m_-6299412112039686929xmsonormal\"><span lang=\"ES\">&nbsp;<\/span><\/p>\n<p class=\"m_-6299412112039686929xmsonormal\"><span lang=\"ES\">Diferentes organizaciones sociales manifestaron su solidaridad con los padres de los 43 estudiantes de la Normal Rural de Aytzinapa, desaparecidos tras los hechos del 26 de septiembre de 2014, en Iguala de la Independencia y en consecuencia, reprocharon que la ma\u00f1ana del martes se les haya atacado con gases lacrim\u00f3genos en la Ciudad de M\u00e9xico.<\/span><\/p>\n<p class=\"m_-6299412112039686929xmsonormal\"><span lang=\"ES\">La ma\u00f1ana del mi\u00e9rcoles 26, en las instalaciones de la Universidad Pedag\u00f3gica Nacional (UPN) de Chilpancingo, dirigentes de diferentes organizaciones se reunieron para fijar postura en torno sucedido la ma\u00f1ana del martes 25 de abril, cuando los padres de los 43 solicitaban una reuni\u00f3n en la Secretar\u00eda de Gobernaci\u00f3n federal.<\/span><\/p>\n<p class=\"m_-6299412112039686929xmsonormal\"><span lang=\"ES\">Nicol\u00e1s Ch\u00e1vez Adame, de el Asamblea Popular de los Pueblos de Guerrero (APPG) manifest\u00f3 que dicha organizaci\u00f3n est\u00e1 pendiente de las convocatorias que realicen los padres de los 43, en el \u00e1nimo de cerrar filas para que ya ning\u00fan movimiento se realice de manera aislada, ya que es evidente que al Estado Mexicano lo que se le facilita m\u00e1s es la mano dura.<\/span><\/p>\n<p class=\"m_-6299412112039686929xmsonormal\"><span lang=\"ES\">De entrada, manifest\u00f3 que para este jueves es probable que haya un seguimiento a la acci\u00f3n global que se impulsa en el centro del pa\u00eds, para efecto de que no se permita el endurecimiento de la actitud de las corporaciones polic\u00edacas contra los estudiantes de la Normal Rural, tras la quema de camiones de carga durante la jornada del martes en Chilpancingo y Tixtla.<\/span><\/p>\n<p class=\"m_-6299412112039686929xmsonormal\"><span lang=\"ES\">Ch\u00e1vez Adame sostuvo que la reacci\u00f3n de los estudiantes se comprende, al conocer la forma en que los padres de sus compa\u00f1eros desaparecidos fueron tratados en la capital del pa\u00eds, por lo que tambi\u00e9n expres\u00f3 su respaldo a la quema de unidades.<\/span><\/p>\n<p class=\"m_-6299412112039686929xmsonormal\"><span lang=\"ES\">Odon Rodr\u00edguez Mendoza, del Sindicato Unico de Trabajadores del Colegio de Bachilleres (STCOBAH)&nbsp; tambi\u00e9n extern\u00f3 su respaldo a los estudiantes de Ayotzinapa y los padres de los 43, al comprender la desesperaci\u00f3n que atraviesan al no tener la informaci\u00f3n que necesitan.<\/span><\/p>\n<p class=\"m_-6299412112039686929xmsonormal\"><span lang=\"ES\">Roselia Francisco Tranquilino, representantes de los 27 trabajadores despedidos de PROSPERA de manera injustificada, dijo que ning\u00fan argumento expuesto por las autoridades federales puede contrarrestar el leg\u00edtimo derecho que los padres tienen a exigir la presentaci\u00f3n con vida de sus hijos, de tal suerte que se sum\u00f3 a las voces que reclaman justicia y que condenan el ataque con gas lacrim\u00f3geno.<\/span><\/p>\n<p class=\"m_-6299412112039686929xmsonormal\"><span lang=\"ES\">V\u00eda comunicado, el Centro de Derechos Humanos Jos\u00e9 Mar\u00eda Morelos y Pav\u00f3n, de Chilapa de Alvarez tambi\u00e9n se\u00f1al\u00f3 que lo sucedido la jornada del martes constituye una severa violaci\u00f3n a los derechos de los padres, que lo \u00fanico que buscan es informaci\u00f3n y justicia.<\/span><\/p>\n","protected":false},"excerpt":{"rendered":"<p>* Condenan el uso de gas lacrimogeno en su contra &nbsp; Diferentes organizaciones sociales manifestaron su solidaridad con los padres de los 43 estudiantes de la Normal Rural de Aytzinapa,&hellip; <\/p>\n","protected":false},"author":1,"featured_media":0,"comment_status":"open","ping_status":"open","sticky":false,"template":"","format":"standard","meta":{"fifu_image_url":"","fifu_image_alt":"","footnotes":""},"categories":[8,15],"tags":[],"class_list":["post-3823","post","type-post","status-publish","format-standard","hentry","category-featured","category-movimientos-sociales"],"_links":{"self":[{"href":"https:\/\/www.interaccionnoticias.com.mx\/index.php?rest_route=\/wp\/v2\/posts\/3823","targetHints":{"allow":["GET"]}}],"collection":[{"href":"https:\/\/www.interaccionnoticias.com.mx\/index.php?rest_route=\/wp\/v2\/posts"}],"about":[{"href":"https:\/\/www.interaccionnoticias.com.mx\/index.php?rest_route=\/wp\/v2\/types\/post"}],"author":[{"embeddable":true,"href":"https:\/\/www.interaccionnoticias.com.mx\/index.php?rest_route=\/wp\/v2\/users\/1"}],"replies":[{"embeddable":true,"href":"https:\/\/www.interaccionnoticias.com.mx\/index.php?rest_route=%2Fwp%2Fv2%2Fcomments&post=3823"}],"version-history":[{"count":0,"href":"https:\/\/www.interaccionnoticias.com.mx\/index.php?rest_route=\/wp\/v2\/posts\/3823\/revisions"}],"wp:attachment":[{"href":"https:\/\/www.interaccionnoticias.com.mx\/index.php?rest_route=%2Fwp%2Fv2%2Fmedia&parent=3823"}],"wp:term":[{"taxonomy":"category","embeddable":true,"href":"https:\/\/www.interaccionnoticias.com.mx\/index.php?rest_route=%2Fwp%2Fv2%2Fcategories&post=3823"},{"taxonomy":"post_tag","embeddable":true,"href":"https:\/\/www.interaccionnoticias.com.mx\/index.php?rest_route=%2Fwp%2Fv2%2Ftags&post=3823"}],"curies":[{"name":"wp","href":"https:\/\/api.w.org\/{rel}","templated":true}]}}