{"id":38229,"date":"2021-11-24T09:44:42","date_gmt":"2021-11-24T15:44:42","guid":{"rendered":"http:\/\/www.inter-accion.com.mx\/?p=38229"},"modified":"2021-11-24T09:44:42","modified_gmt":"2021-11-24T15:44:42","slug":"38229","status":"publish","type":"post","link":"https:\/\/www.interaccionnoticias.com.mx\/?p=38229","title":{"rendered":"Alista SEMAI instalaci\u00f3n del Consejo Consultivo de Atenci\u00f3n a Migrantes"},"content":{"rendered":"\n<p><strong><em>&#8211; Importante la elaboraci\u00f3n de pol\u00edticas p\u00fablicas para la protecci\u00f3n y defensa de los derechos de los migrantes y sus familias<\/em><\/strong><\/p>\n\n\n\n<p><strong>Chilpancingo, Gro., 23 de noviembre de 2021.\u2013<\/strong> La secretaria de Migrantes y Asuntos Internacionales, Celeste Mora Eguiluz, presidi\u00f3 la reuni\u00f3n previa a la instalaci\u00f3n del Consejo Consultivo de Atenci\u00f3n a Migrantes de Guerrero, el cual participar\u00e1 en la planeaci\u00f3n y elaboraci\u00f3n de pol\u00edticas p\u00fablicas para la protecci\u00f3n y defensa de los derechos de los migrantes y sus familias.<\/p>\n\n\n\n<p>La funcionaria&nbsp;&nbsp;estatal destac\u00f3 que la migraci\u00f3n es un fen\u00f3meno que socialmente ha cobrado importancia en los \u00faltimos a\u00f1os por los continuos grupos migratorios de guerrerenses a los Estados Unidos y varias entidades del norte del pa\u00eds, por la necesidad de buscar un mejor nivel de vida.<\/p>\n\n\n\n<p>Apunt\u00f3 que muchas veces los guerrerenses arriesgan sus vidas, sufren racismo y hasta discriminaci\u00f3n, a lo que se le suman los trabajos mal pagados.<\/p>\n\n\n\n<p>Asimismo, indic\u00f3 que se implementar\u00e1 una estrategia integral junto con las distintas secretar\u00edas del gobierno del estado para&nbsp;&nbsp;ofrecer mejores alternativas a los migrantes.<\/p>\n\n\n\n<p>Por su parte,&nbsp;&nbsp;el director del Instituto Nacional del Migrante, Pedro Alberto Alcal\u00e1 L\u00f3pez, dijo que la dependencia a su cargo tiene toda la disposici\u00f3n de trabajar en coordinaci\u00f3n con el gobierno de Guerrero.<\/p>\n\n\n\n<p>De la misma manera, la presidenta de la Comisi\u00f3n Estatal de los Derechos Humanos, Cecilia Narciso Gayt\u00e1n, celebr\u00f3 la realizaci\u00f3n de las mesas de trabajo que permitir\u00e1n&nbsp;&nbsp;generar alternativas de soluci\u00f3n para disminuir la migraci\u00f3n.<\/p>\n\n\n\n<p>En la reuni\u00f3n estuvieron presentes el secretario del Trabajo, Luis Armando Ba\u00f1os Rend\u00f3n; la secretaria de la Mujer, Violeta Gir\u00f3n Pino; la secretaria de la Juventud, Jessica Maldonado Morales, el subsecretario de Asuntos Ind\u00edgenas y Aerom\u00e9xicanos, P\u00e1nfilo S\u00e1nchez; el subsecretario de Pol\u00edticas P\u00fablicas de la secretar\u00eda de Desarrollo y Bienestestar Social, Hossein Nabor Guill\u00e9n, adem\u00e1s de representantes de dependencias estatales.<\/p>\n","protected":false},"excerpt":{"rendered":"<p>&#8211; Importante la elaboraci\u00f3n de pol\u00edticas p\u00fablicas para la protecci\u00f3n y defensa de los derechos de los migrantes y sus familias Chilpancingo, Gro., 23 de noviembre de 2021.\u2013 La secretaria&hellip; <\/p>\n","protected":false},"author":1,"featured_media":38230,"comment_status":"open","ping_status":"open","sticky":false,"template":"","format":"standard","meta":{"fifu_image_url":"","fifu_image_alt":"","footnotes":""},"categories":[11],"tags":[],"class_list":["post-38229","post","type-post","status-publish","format-standard","has-post-thumbnail","hentry","category-guerrero"],"_links":{"self":[{"href":"https:\/\/www.interaccionnoticias.com.mx\/index.php?rest_route=\/wp\/v2\/posts\/38229","targetHints":{"allow":["GET"]}}],"collection":[{"href":"https:\/\/www.interaccionnoticias.com.mx\/index.php?rest_route=\/wp\/v2\/posts"}],"about":[{"href":"https:\/\/www.interaccionnoticias.com.mx\/index.php?rest_route=\/wp\/v2\/types\/post"}],"author":[{"embeddable":true,"href":"https:\/\/www.interaccionnoticias.com.mx\/index.php?rest_route=\/wp\/v2\/users\/1"}],"replies":[{"embeddable":true,"href":"https:\/\/www.interaccionnoticias.com.mx\/index.php?rest_route=%2Fwp%2Fv2%2Fcomments&post=38229"}],"version-history":[{"count":0,"href":"https:\/\/www.interaccionnoticias.com.mx\/index.php?rest_route=\/wp\/v2\/posts\/38229\/revisions"}],"wp:featuredmedia":[{"embeddable":true,"href":"https:\/\/www.interaccionnoticias.com.mx\/index.php?rest_route=\/wp\/v2\/media\/38230"}],"wp:attachment":[{"href":"https:\/\/www.interaccionnoticias.com.mx\/index.php?rest_route=%2Fwp%2Fv2%2Fmedia&parent=38229"}],"wp:term":[{"taxonomy":"category","embeddable":true,"href":"https:\/\/www.interaccionnoticias.com.mx\/index.php?rest_route=%2Fwp%2Fv2%2Fcategories&post=38229"},{"taxonomy":"post_tag","embeddable":true,"href":"https:\/\/www.interaccionnoticias.com.mx\/index.php?rest_route=%2Fwp%2Fv2%2Ftags&post=38229"}],"curies":[{"name":"wp","href":"https:\/\/api.w.org\/{rel}","templated":true}]}}