{"id":38211,"date":"2021-11-23T19:55:40","date_gmt":"2021-11-24T01:55:40","guid":{"rendered":"http:\/\/www.inter-accion.com.mx\/?p=38211"},"modified":"2021-11-23T19:55:40","modified_gmt":"2021-11-24T01:55:40","slug":"38211","status":"publish","type":"post","link":"https:\/\/www.interaccionnoticias.com.mx\/?p=38211","title":{"rendered":"Seis horas de encierro para titular de Desarrollo Rural y 30 colaboradores, en Guerrero"},"content":{"rendered":"\n<p><strong><em>&#8211; Por lo menos cien trabajadores exigen su recontrataci\u00f3n y pago de salarios ya devengados<br>&#8211; El adeudo se gener\u00f3 en el gobierno anterior, se defiende el titular de Sagadegro, Jorge Peto Calder\u00f3n<br>&#8211; Manifiesta disposici\u00f3n para recontratar, pero rechaza despidos injustificados<\/em><\/strong><\/p>\n\n\n\n<p><strong>Rogelio Agust\u00edn \/<br>Jes\u00fas Dorantes<\/strong><\/p>\n\n\n\n<p>Durante casi ocho horas, el titular de la Secretar\u00eda de Agricultura Ganader\u00eda y Desarrollo Rural del Estado de Guerrero (Sagadegro), Jorge Peto Calder\u00f3n y 30 colaboradores permanecieron encerrados en sus oficinas, a partir de la protesta de un grupo de extrabajadores que reclaman el pago de salarios devengados y su recontrataci\u00f3n.<\/p>\n\n\n\n<p>Despu\u00e9s de las 10:00 horas del martes 23 de noviembre, alrededor de cien personas se plantaron en las puertas de acceso de la Sagadegro y bloquearon dos avenidas; la lateral del bulevar Vicente Guerrero, en el sentido sur-norte y dos de cuatro carriles de la avenida Ruffo Figueroa.<\/p>\n\n\n\n<p>Los inconformes reclaman el pago de entre dos y tres meses de salario que no fueron cubiertos por la administraci\u00f3n anterior, que hasta el 14 de octubre estuvo a cargo de Juan Jos\u00e9 Castro Justo.<\/p>\n\n\n\n<p>Tambi\u00e9n solicitaron su recontrataci\u00f3n, pues sostienen que son v\u00edctimas de despidos injustificados.<\/p>\n\n\n\n<p>Cuando las puertas de la dependencia fueron cerradas, dentro se encontraba el titular de la dependencia, Jorge Peto Calder\u00f3n y por lo menos 30 personas m\u00e1s, la mayor\u00eda colaboradores del \u00e1rea.<\/p>\n\n\n\n<p>Durante el tiempo que prevaleci\u00f3 la protesta, Peto Calder\u00f3n permaneci\u00f3 en las puertas del inmueble, solicitando el dialogo con los inconformes, pero estos reclamaban el acercamiento con la gobernadora Evelyn Salgado Pineda.<\/p>\n\n\n\n<p>\u00bfPor qu\u00e9 no le protestaron a (Juan Jos\u00e9) Castro Justo? El es quien les qued\u00f3 a deber de dos a tres meses de salario, reproch\u00f3 en varias ocasiones el funcionario.<\/p>\n\n\n\n<p>Ante el se\u00f1alamiento de que hay despidos injustificados, dijo que no existe tal situaci\u00f3n, porque se trata de personal de contrato cuya relaci\u00f3n laboral termin\u00f3 con el periodo de ejercicio constitucional de la administraci\u00f3n anterior.<\/p>\n\n\n\n<p>Sin embargo, manifest\u00f3 que no mantiene una actitud cerrada y que est\u00e1 en la disposici\u00f3n de recontratar, aunque aclar\u00f3 que no ser\u00e1 una acci\u00f3n total y que se deben revisar varios aspectos, entre ellos las necesidades que se tienen, los perfiles de los trabajadores y el techo presupuestal de la dependencia.<\/p>\n\n\n\n<p>Dijo que la dependencia debe contar con 14 millones de pesos de su presupuesto anual, pero con los desfaces generados por el cambio de administraci\u00f3n, no se tiene claro de \u201chacia donde se movieron\u201d.<\/p>\n\n\n\n<p>Las instalaciones fueron reabiertas despu\u00e9s de las 18:00 horas, cuando se supo que ya se hab\u00edan liberado algunos recursos que permitir\u00edan comenzar a pagar, aunque la soluci\u00f3n todav\u00eda no es total.<\/p>\n","protected":false},"excerpt":{"rendered":"<p>&#8211; Por lo menos cien trabajadores exigen su recontrataci\u00f3n y pago de salarios ya devengados&#8211; El adeudo se gener\u00f3 en el gobierno anterior, se defiende el titular de Sagadegro, Jorge&hellip; <\/p>\n","protected":false},"author":1,"featured_media":38213,"comment_status":"open","ping_status":"open","sticky":false,"template":"","format":"standard","meta":{"fifu_image_url":"","fifu_image_alt":"","footnotes":""},"categories":[15],"tags":[],"class_list":["post-38211","post","type-post","status-publish","format-standard","has-post-thumbnail","hentry","category-movimientos-sociales"],"_links":{"self":[{"href":"https:\/\/www.interaccionnoticias.com.mx\/index.php?rest_route=\/wp\/v2\/posts\/38211","targetHints":{"allow":["GET"]}}],"collection":[{"href":"https:\/\/www.interaccionnoticias.com.mx\/index.php?rest_route=\/wp\/v2\/posts"}],"about":[{"href":"https:\/\/www.interaccionnoticias.com.mx\/index.php?rest_route=\/wp\/v2\/types\/post"}],"author":[{"embeddable":true,"href":"https:\/\/www.interaccionnoticias.com.mx\/index.php?rest_route=\/wp\/v2\/users\/1"}],"replies":[{"embeddable":true,"href":"https:\/\/www.interaccionnoticias.com.mx\/index.php?rest_route=%2Fwp%2Fv2%2Fcomments&post=38211"}],"version-history":[{"count":0,"href":"https:\/\/www.interaccionnoticias.com.mx\/index.php?rest_route=\/wp\/v2\/posts\/38211\/revisions"}],"wp:featuredmedia":[{"embeddable":true,"href":"https:\/\/www.interaccionnoticias.com.mx\/index.php?rest_route=\/wp\/v2\/media\/38213"}],"wp:attachment":[{"href":"https:\/\/www.interaccionnoticias.com.mx\/index.php?rest_route=%2Fwp%2Fv2%2Fmedia&parent=38211"}],"wp:term":[{"taxonomy":"category","embeddable":true,"href":"https:\/\/www.interaccionnoticias.com.mx\/index.php?rest_route=%2Fwp%2Fv2%2Fcategories&post=38211"},{"taxonomy":"post_tag","embeddable":true,"href":"https:\/\/www.interaccionnoticias.com.mx\/index.php?rest_route=%2Fwp%2Fv2%2Ftags&post=38211"}],"curies":[{"name":"wp","href":"https:\/\/api.w.org\/{rel}","templated":true}]}}