{"id":38204,"date":"2021-11-23T18:41:13","date_gmt":"2021-11-24T00:41:13","guid":{"rendered":"http:\/\/www.inter-accion.com.mx\/?p=38204"},"modified":"2021-11-23T18:41:13","modified_gmt":"2021-11-24T00:41:13","slug":"38204","status":"publish","type":"post","link":"https:\/\/www.interaccionnoticias.com.mx\/?p=38204","title":{"rendered":"Tras 20 a\u00f1os como magistrado del Tribunal Superior de Justicia, Miguel Barreto Sede\u00f1o solicit\u00f3 su retiro voluntario"},"content":{"rendered":"\n<p><strong><em>&#8211; Lo despidieron sus compa\u00f1eros en una emotiva ceremonia<\/em><\/strong><\/p>\n\n\n\n<p><strong>Rosario Garc\u00eda Orozco<\/strong><\/p>\n\n\n\n<p><strong>Chilpancingo, Gro., 23 de noviembre del 2021.- <\/strong>Luego de formar parte del Poder Judicial de Guerrero por 20 a\u00f1os, el magistrado Miguel Barreto Sede\u00f1o solicit\u00f3 su retiro voluntario, y fue despedido por sus compa\u00f1eros durante la \u00faltima sesi\u00f3n en que port\u00f3 la toga y el birrete como juzgador.<\/p>\n\n\n\n<p>El argumento del jurista fue que requiere dedicar m\u00e1s tiempo a su esposa, sus hijas y su peque\u00f1a nieta, y es que expuso que su pasi\u00f3n por el trabajo ha sido tal, que en muchas ocasiones su familia ha quedado en segundo plano y ha dado prioridad a su trabajo.<\/p>\n\n\n\n<p>Egres\u00f3 como licenciado en Derecho de la Universidad Aut\u00f3noma de Guerrero, y a lo largo de su trayectoria laboral, su experiencia no solo se remiti\u00f3 a los \u00faltimos 20 a\u00f1os como magistrado, tambi\u00e9n fue secretario t\u00e9cnico del entonces Consejo Estatal Electoral, adem\u00e1s de diversos cargos en lo que fue la Procuradur\u00eda General de la Rep\u00fablica, y el ayuntamiento de Acapulco.<\/p>\n\n\n\n<p>Alberto L\u00f3pez Celis, presidente del TSJ, dese\u00f3 que a Barreto Sede\u00f1o le vaya muy bien en los proyectos que emprenda en adelante, \u201choy es un d\u00eda de sensaciones encontradas, por una parte se retira de la judicatura un gran amigo, no solo deja un vac\u00edo dif\u00edcil de llenar en esta instituci\u00f3n, sino que tambi\u00e9n se retira el compa\u00f1ero, el amigo, pero nos congratula el hecho de que lo haga en la plenitud de la vida, para compartir y disfrutar m\u00e1s a su familia\u201d.<\/p>\n\n\n\n<p>Por su parte, en su \u00faltima intervenci\u00f3n como magistrado en las sesiones del TSJ, Miguel Barreto Sede\u00f1o, originario de Temoac, municipio de Morenos, relat\u00f3 varias an\u00e9cdotas de su vida laboral desde 1982, fecha en que se titul\u00f3 como Licenciado en Derecho, y agradeci\u00f3 la oportunidad que le di\u00f3 en aquel tiempo el ex gobernador Ren\u00e9 Ju\u00e1rez Cisneros, de incorporarse al poder Judicial en 2002.<\/p>\n\n\n\n<p>Los magistrados del TSJ reconocieron en su compa\u00f1ero Barreto Sede\u00f1o su alto sentido de responsabilidad, y su empe\u00f1o por actuar de manera recta como un juzgador ejemplar.<\/p>\n\n\n\n<p>\u201cUn hombre serio, de mirada penetrante y de andar sereno. Ha sido uno de los magistrados m\u00e1s interesado, preocupado y ocupado en los problemas del Tribunal\u201d, dijeron de quien tambi\u00e9n refirieron \u201ces un hombre estudioso, profesional, \u00e9tico, \u00edntegro, congruente con sus convicciones y creencias\u201d.<\/p>\n\n\n\n<p>En el transcurso de los 20 a\u00f1os de servicio al TSJ, Miguel Barreto integr\u00f3 las salas Penal, Familiar y Civil, \u201ces lamentable que se vaya porque aun tiene mucho que dar al tribunal, es una pieza clave jur\u00eddicamente para el desarrollo del estado\u201d, insistieron los magistrados.<\/p>\n","protected":false},"excerpt":{"rendered":"<p>&#8211; Lo despidieron sus compa\u00f1eros en una emotiva ceremonia Rosario Garc\u00eda Orozco Chilpancingo, Gro., 23 de noviembre del 2021.- Luego de formar parte del Poder Judicial de Guerrero por 20&hellip; <\/p>\n","protected":false},"author":1,"featured_media":38193,"comment_status":"open","ping_status":"open","sticky":false,"template":"","format":"standard","meta":{"fifu_image_url":"","fifu_image_alt":"","footnotes":""},"categories":[29],"tags":[],"class_list":["post-38204","post","type-post","status-publish","format-standard","has-post-thumbnail","hentry","category-sociedad"],"_links":{"self":[{"href":"https:\/\/www.interaccionnoticias.com.mx\/index.php?rest_route=\/wp\/v2\/posts\/38204","targetHints":{"allow":["GET"]}}],"collection":[{"href":"https:\/\/www.interaccionnoticias.com.mx\/index.php?rest_route=\/wp\/v2\/posts"}],"about":[{"href":"https:\/\/www.interaccionnoticias.com.mx\/index.php?rest_route=\/wp\/v2\/types\/post"}],"author":[{"embeddable":true,"href":"https:\/\/www.interaccionnoticias.com.mx\/index.php?rest_route=\/wp\/v2\/users\/1"}],"replies":[{"embeddable":true,"href":"https:\/\/www.interaccionnoticias.com.mx\/index.php?rest_route=%2Fwp%2Fv2%2Fcomments&post=38204"}],"version-history":[{"count":0,"href":"https:\/\/www.interaccionnoticias.com.mx\/index.php?rest_route=\/wp\/v2\/posts\/38204\/revisions"}],"wp:featuredmedia":[{"embeddable":true,"href":"https:\/\/www.interaccionnoticias.com.mx\/index.php?rest_route=\/wp\/v2\/media\/38193"}],"wp:attachment":[{"href":"https:\/\/www.interaccionnoticias.com.mx\/index.php?rest_route=%2Fwp%2Fv2%2Fmedia&parent=38204"}],"wp:term":[{"taxonomy":"category","embeddable":true,"href":"https:\/\/www.interaccionnoticias.com.mx\/index.php?rest_route=%2Fwp%2Fv2%2Fcategories&post=38204"},{"taxonomy":"post_tag","embeddable":true,"href":"https:\/\/www.interaccionnoticias.com.mx\/index.php?rest_route=%2Fwp%2Fv2%2Ftags&post=38204"}],"curies":[{"name":"wp","href":"https:\/\/api.w.org\/{rel}","templated":true}]}}