{"id":38200,"date":"2021-11-23T18:37:45","date_gmt":"2021-11-24T00:37:45","guid":{"rendered":"http:\/\/www.inter-accion.com.mx\/?p=38200"},"modified":"2021-11-23T18:37:45","modified_gmt":"2021-11-24T00:37:45","slug":"38200","status":"publish","type":"post","link":"https:\/\/www.interaccionnoticias.com.mx\/?p=38200","title":{"rendered":"As\u00ed como la gobernadora, yo tambi\u00e9n quiero servirle a Guerrero\u201d, asegur\u00f3 Anacleta L\u00f3pez Vega, aspirante a fiscal de Guerrero"},"content":{"rendered":"\n<p><strong>Rosario Garc\u00eda Orozco<\/strong><\/p>\n\n\n\n<p><strong>Chilpancingo, Gro., 23 de noviembre del 2021.-<\/strong> La jurista Anacleta L\u00f3pez Vega, se registr\u00f3 como aspirante a la titularidad de la Fiscal\u00eda General del Estado, \u201cas\u00ed como la gobernador (Evelyn Salgado Pineda), yo tambi\u00e9n quiero servirle a Guerrero\u201d, declar\u00f3.<\/p>\n\n\n\n<p>La abogada se registr\u00f3 en el Congreso Local, y confi\u00f3 en que el proceso de registro, an\u00e1lisis y selecci\u00f3n sea con pleno respeto a la convocatoria emitida para relevar en el cargo a Jorge Zuriel de los Santos Barilla, quien a partir del 15 de noviembre pasado dej\u00f3 esa responsabilidad.<\/p>\n\n\n\n<p>\u201cConozco la fiscal\u00eda, he trabajado ah\u00ed, y tengo experiencia en nuevo sistema penal acusatorio creo que tengo la capacidad para hacer cambios ben\u00e9ficos para la sociedad\u201d, dijo la abogada en conferencia de prensa.<\/p>\n\n\n\n<p>Sostuvo que tiene m\u00e1s de 30 a\u00f1os de experiencia en distintas \u00e1reas de los gobiernos municipal y estatal, como en cargos de capacitaci\u00f3n, y se dijo dispuesta a aportar sus conocimientos en la fiscal\u00eda para modernizarla y eficientar su labor.<\/p>\n\n\n\n<p>Explic\u00f3 que tiene el objetivo de \u201cincidir en el cambio, en la transformaci\u00f3n, abatir de manera gradual la corrupci\u00f3n, la injusticia y la impunidad\u201d,<\/p>\n\n\n\n<p>L\u00f3pez Vega coment\u00f3 que no tiene ning\u00fan respaldo pol\u00edtico, solo cuenta con el apoyo de la poblaci\u00f3n: \u201cno soy pol\u00edtica, no pertenezco a ning\u00fan partido\u201d, y pidi\u00f3 a los diputados locales que la decisi\u00f3n de qui\u00e9n ser\u00e1 el nuevo fiscal se tome luego de analizar la trayectoria, experiencia y formaci\u00f3n moral de los aspirantes, \u201cpara incidir en la transformaci\u00f3n real que hoy exigen los guerrerenses\u201d.<\/p>\n\n\n\n<p>Extern\u00f3 que prefiere contar con el respaldo de la sociedad que de alg\u00fan partido o pol\u00edtico, \u201csi lo hacemos por cuotas de poder, por compadrazgo, por cuota de g\u00e9nero o por intereses personales no se van a lograr los cambios que la sociedad requiere; y estoy segura de que puedo con esa responsabilidad\u201d.<\/p>\n\n\n\n<p>Asegur\u00f3 que a lo largo de la historia, las mujeres han demostrado \u201cque somos organizadas, entregadas al trabajo y somos leales, disciplinadas y queremos el cambio real, adem\u00e1s de que queremos que nos den la oportunidad como a los caballeros\u201d.<\/p>\n\n\n\n<p>Tambi\u00e9n lament\u00f3 la \u201cgrave la situaci\u00f3n que se vive en Guerrero en materia de procuraci\u00f3n de justicia\u201d, y es que organizaciones internacionales y dependencias federales evidenc\u00edan que Guerrero, junto con Veracruz, Campeche y Morelos son las entidades federativas con mayores deficiencias y atraso en la materia, concluy\u00f3.<\/p>\n","protected":false},"excerpt":{"rendered":"<p>Rosario Garc\u00eda Orozco Chilpancingo, Gro., 23 de noviembre del 2021.- La jurista Anacleta L\u00f3pez Vega, se registr\u00f3 como aspirante a la titularidad de la Fiscal\u00eda General del Estado, \u201cas\u00ed como&hellip; <\/p>\n","protected":false},"author":1,"featured_media":38201,"comment_status":"open","ping_status":"open","sticky":false,"template":"","format":"standard","meta":{"fifu_image_url":"","fifu_image_alt":"","footnotes":""},"categories":[11],"tags":[],"class_list":["post-38200","post","type-post","status-publish","format-standard","has-post-thumbnail","hentry","category-guerrero"],"_links":{"self":[{"href":"https:\/\/www.interaccionnoticias.com.mx\/index.php?rest_route=\/wp\/v2\/posts\/38200","targetHints":{"allow":["GET"]}}],"collection":[{"href":"https:\/\/www.interaccionnoticias.com.mx\/index.php?rest_route=\/wp\/v2\/posts"}],"about":[{"href":"https:\/\/www.interaccionnoticias.com.mx\/index.php?rest_route=\/wp\/v2\/types\/post"}],"author":[{"embeddable":true,"href":"https:\/\/www.interaccionnoticias.com.mx\/index.php?rest_route=\/wp\/v2\/users\/1"}],"replies":[{"embeddable":true,"href":"https:\/\/www.interaccionnoticias.com.mx\/index.php?rest_route=%2Fwp%2Fv2%2Fcomments&post=38200"}],"version-history":[{"count":0,"href":"https:\/\/www.interaccionnoticias.com.mx\/index.php?rest_route=\/wp\/v2\/posts\/38200\/revisions"}],"wp:featuredmedia":[{"embeddable":true,"href":"https:\/\/www.interaccionnoticias.com.mx\/index.php?rest_route=\/wp\/v2\/media\/38201"}],"wp:attachment":[{"href":"https:\/\/www.interaccionnoticias.com.mx\/index.php?rest_route=%2Fwp%2Fv2%2Fmedia&parent=38200"}],"wp:term":[{"taxonomy":"category","embeddable":true,"href":"https:\/\/www.interaccionnoticias.com.mx\/index.php?rest_route=%2Fwp%2Fv2%2Fcategories&post=38200"},{"taxonomy":"post_tag","embeddable":true,"href":"https:\/\/www.interaccionnoticias.com.mx\/index.php?rest_route=%2Fwp%2Fv2%2Ftags&post=38200"}],"curies":[{"name":"wp","href":"https:\/\/api.w.org\/{rel}","templated":true}]}}