{"id":38197,"date":"2021-11-23T18:34:01","date_gmt":"2021-11-24T00:34:01","guid":{"rendered":"http:\/\/www.inter-accion.com.mx\/?p=38197"},"modified":"2021-11-23T18:34:01","modified_gmt":"2021-11-24T00:34:01","slug":"38197","status":"publish","type":"post","link":"https:\/\/www.interaccionnoticias.com.mx\/?p=38197","title":{"rendered":"\u201cHasta los gringos me han investigado, no tengo nada que esconder\u201d: Miguel \u00c1ngel God\u00ednez Mu\u00f1oz"},"content":{"rendered":"\n<p><strong>Rosario Garc\u00eda Orozco<\/strong><\/p>\n\n\n\n<p><strong>Chilpancingo, Gro., 23 de noviembre del 2021.<\/strong>&#8211; El ex fiscal, Miguel \u00c1ngel God\u00ednez Mu\u00f1oz neg\u00f3 que tenga \u201cpadrinos\u201d o algo que le impida ser fiscal de nueva cuenta, \u201chasta los gringos me han investigado\u201d, asegur\u00f3.<\/p>\n\n\n\n<p>El ex fiscal anticorrupci\u00f3n de la Organizaci\u00f3n de las Naciones Unidas (ONU), es uno de los aspirantes a la titularidad de la Fiscal\u00eda General del Estado, y consider\u00f3 que lejos del cabildeo con los diputados locales, lo que se requiere es que conozcan la trayectoria, preparaci\u00f3n, experiencia, respaldo social y la conducta de los aspirantes para que decidan qui\u00e9n ser\u00e1 el nuevo o la nueva fiscal.<\/p>\n\n\n\n<p>Se comprometi\u00f3 a que si el poder legislativo lo elige a \u00e9l, ser\u00e1 una fiscal\u00eda en la que el titular no est\u00e9 en el escritorio, sino que practicar\u00e1 la proximidad social, \u201chabr\u00e1 un ir y venir entre sociedad e instituciones\u201d.<\/p>\n\n\n\n<p>El aspirante a la titularidad de la Fiscal\u00eda General del Estado neg\u00f3 que tenga padrinos pol\u00edticos, y que su mejor recomendaci\u00f3n es su trayectoria y experiencia, \u201cpero sobre todo el compromiso que tengo con el pueblo, de no quedarme como espectador. Se que puedo ayudar a mucha gente\u201d.<\/p>\n\n\n\n<p>Destac\u00f3 que fue de los integrantes de la primer fiscal\u00eda de la Organizaci\u00f3n de las Naciones Unidas (ONU) en la historia, y que cuenta tambi\u00e9n con una destacada trayectoria en la Interpol, y en la Fiscal\u00eda General de la Rep\u00fablica (PGR), adem\u00e1s de que ya fue fiscal de Guerrero.<\/p>\n\n\n\n<p>God\u00ednez Mu\u00f1oz se reuni\u00f3 en \u201cEl Jard\u00edn del Toro\u201d, oficina de gesti\u00f3n del senador F\u00e9lix Salgado Macedonio, con integrantes de colegios y barras de abogados del estado para presentarles su plan de acci\u00f3n, que aplicar\u00e1 en la fiscal\u00eda de Guerrero de ser favorecido con el voto de los legisladores.<\/p>\n","protected":false},"excerpt":{"rendered":"<p>Rosario Garc\u00eda Orozco Chilpancingo, Gro., 23 de noviembre del 2021.&#8211; El ex fiscal, Miguel \u00c1ngel God\u00ednez Mu\u00f1oz neg\u00f3 que tenga \u201cpadrinos\u201d o algo que le impida ser fiscal de nueva&hellip; <\/p>\n","protected":false},"author":1,"featured_media":38191,"comment_status":"open","ping_status":"open","sticky":false,"template":"","format":"standard","meta":{"fifu_image_url":"","fifu_image_alt":"","footnotes":""},"categories":[11],"tags":[],"class_list":["post-38197","post","type-post","status-publish","format-standard","has-post-thumbnail","hentry","category-guerrero"],"_links":{"self":[{"href":"https:\/\/www.interaccionnoticias.com.mx\/index.php?rest_route=\/wp\/v2\/posts\/38197","targetHints":{"allow":["GET"]}}],"collection":[{"href":"https:\/\/www.interaccionnoticias.com.mx\/index.php?rest_route=\/wp\/v2\/posts"}],"about":[{"href":"https:\/\/www.interaccionnoticias.com.mx\/index.php?rest_route=\/wp\/v2\/types\/post"}],"author":[{"embeddable":true,"href":"https:\/\/www.interaccionnoticias.com.mx\/index.php?rest_route=\/wp\/v2\/users\/1"}],"replies":[{"embeddable":true,"href":"https:\/\/www.interaccionnoticias.com.mx\/index.php?rest_route=%2Fwp%2Fv2%2Fcomments&post=38197"}],"version-history":[{"count":0,"href":"https:\/\/www.interaccionnoticias.com.mx\/index.php?rest_route=\/wp\/v2\/posts\/38197\/revisions"}],"wp:featuredmedia":[{"embeddable":true,"href":"https:\/\/www.interaccionnoticias.com.mx\/index.php?rest_route=\/wp\/v2\/media\/38191"}],"wp:attachment":[{"href":"https:\/\/www.interaccionnoticias.com.mx\/index.php?rest_route=%2Fwp%2Fv2%2Fmedia&parent=38197"}],"wp:term":[{"taxonomy":"category","embeddable":true,"href":"https:\/\/www.interaccionnoticias.com.mx\/index.php?rest_route=%2Fwp%2Fv2%2Fcategories&post=38197"},{"taxonomy":"post_tag","embeddable":true,"href":"https:\/\/www.interaccionnoticias.com.mx\/index.php?rest_route=%2Fwp%2Fv2%2Ftags&post=38197"}],"curies":[{"name":"wp","href":"https:\/\/api.w.org\/{rel}","templated":true}]}}