{"id":3819,"date":"2017-04-26T18:59:38","date_gmt":"2017-04-26T23:59:38","guid":{"rendered":"http:\/\/www.inter-accion.com.mx\/?p=3819"},"modified":"2017-04-26T18:59:38","modified_gmt":"2017-04-26T23:59:38","slug":"policia-revisa-autobuses-de-estudiantes-de-ayotzinapa-en-su-viaje-hacia-la-ciudad-de-mexico","status":"publish","type":"post","link":"https:\/\/www.interaccionnoticias.com.mx\/?p=3819","title":{"rendered":"Polic\u00eda revisa autobuses de estudiantes de Ayotzinapa, en su viaje hacia la ciudad de M\u00e9xico"},"content":{"rendered":"<p>\u2022 A pocas horas de que quemaran dos camiones de carga<br \/>\n&nbsp;<br \/>\nLa polic\u00eda del estado revis\u00f3 ocho autobuses en que viajaban estudiantes de la Normal Rural de Ayotzinapa con direcci\u00f3n hacia la Ciudad de M\u00e9xico, en uno encontr\u00f3 por lo menos diez piedras y un envase de cerveza.<br \/>\nDurante la ma\u00f1ana del mi\u00e9rcoles, estudiantes de la Normal Ra\u00fal Isidro Burgos salieron de su plantel a bordo de ocho veh\u00edculos, con la intenci\u00f3n de participar en la marcha con la que se recordar\u00edan 31 meses de la desaparici\u00f3n de los estudiantes atacados la noche del 26 de septiembre de 2014, en Iguala de la Independencia.<br \/>\nLa Polic\u00eda del Estado instal\u00f3 un filtro de revisi\u00f3n poco antes de llegar a Tierras Prietas, sobre el libramiento que comunica a Chilpancingo con Tixtla, en donde se revisaron los autobuses para evitar que trasladaran artefactos que pudieran utilizar como armas.<br \/>\nEl filtro de revisi\u00f3n se instal\u00f3 a pocas horas de que los estudiantes quemaran dos camiones de carga de la empresa Coppel, como una reacci\u00f3n a la agresi\u00f3n que los padres de los 43 sostuvieron en la Ciudad de M\u00e9xico.<br \/>\nLos siete primeros autobuses pasaron sin problemas, pero en el octavo se encontraron diez piedras de regular tama\u00f1o; un envase de cerveza y uno de refresco.<br \/>\nUna vez que los artefactos fueron asegurados, los normalistas pudieron continuar con su camino.<br \/>\nSolo cinco autobuses tomaron rumbo a la Ciudad de M\u00e9xico, tres fueron llevados por los propios estudiantes a la central de autobuses de Chilpancingo, en donde los devolvieron a la empresa a la que pertenecen.<\/p>\n","protected":false},"excerpt":{"rendered":"<p>\u2022 A pocas horas de que quemaran dos camiones de carga &nbsp; La polic\u00eda del estado revis\u00f3 ocho autobuses en que viajaban estudiantes de la Normal Rural de Ayotzinapa con&hellip; <\/p>\n","protected":false},"author":1,"featured_media":0,"comment_status":"open","ping_status":"open","sticky":false,"template":"","format":"standard","meta":{"fifu_image_url":"","fifu_image_alt":"","footnotes":""},"categories":[8,15],"tags":[],"class_list":["post-3819","post","type-post","status-publish","format-standard","hentry","category-featured","category-movimientos-sociales"],"_links":{"self":[{"href":"https:\/\/www.interaccionnoticias.com.mx\/index.php?rest_route=\/wp\/v2\/posts\/3819","targetHints":{"allow":["GET"]}}],"collection":[{"href":"https:\/\/www.interaccionnoticias.com.mx\/index.php?rest_route=\/wp\/v2\/posts"}],"about":[{"href":"https:\/\/www.interaccionnoticias.com.mx\/index.php?rest_route=\/wp\/v2\/types\/post"}],"author":[{"embeddable":true,"href":"https:\/\/www.interaccionnoticias.com.mx\/index.php?rest_route=\/wp\/v2\/users\/1"}],"replies":[{"embeddable":true,"href":"https:\/\/www.interaccionnoticias.com.mx\/index.php?rest_route=%2Fwp%2Fv2%2Fcomments&post=3819"}],"version-history":[{"count":0,"href":"https:\/\/www.interaccionnoticias.com.mx\/index.php?rest_route=\/wp\/v2\/posts\/3819\/revisions"}],"wp:attachment":[{"href":"https:\/\/www.interaccionnoticias.com.mx\/index.php?rest_route=%2Fwp%2Fv2%2Fmedia&parent=3819"}],"wp:term":[{"taxonomy":"category","embeddable":true,"href":"https:\/\/www.interaccionnoticias.com.mx\/index.php?rest_route=%2Fwp%2Fv2%2Fcategories&post=3819"},{"taxonomy":"post_tag","embeddable":true,"href":"https:\/\/www.interaccionnoticias.com.mx\/index.php?rest_route=%2Fwp%2Fv2%2Ftags&post=3819"}],"curies":[{"name":"wp","href":"https:\/\/api.w.org\/{rel}","templated":true}]}}