{"id":38180,"date":"2021-11-23T17:42:36","date_gmt":"2021-11-23T23:42:36","guid":{"rendered":"http:\/\/www.inter-accion.com.mx\/?p=38180"},"modified":"2021-11-23T17:42:36","modified_gmt":"2021-11-23T23:42:36","slug":"38180","status":"publish","type":"post","link":"https:\/\/www.interaccionnoticias.com.mx\/?p=38180","title":{"rendered":"Finanzas ya tiene listo el presupuesto de egresos 2022"},"content":{"rendered":"\n<p><strong><em>&#8211; Ya fue presentado a la gobernadora del estado, se esperan solo algunos detalles<\/em><\/strong><\/p>\n\n\n\n<p><strong>Rogelio Agust\u00edn<\/strong><\/p>\n\n\n\n<p>La Secretar\u00eda de Finanzas del Gobierno de Guerrero ya tiene listo el paquete fiscal de 2022, por lo que ser\u00e1 presentado en un primer momento a la Junta de Coordinaci\u00f3n Pol\u00edtica (Jucopo) del Congreso local, para luego ser turnado a comisiones y finalmente al Pleno.<br><br>Raymundo Segura Estrada, titular de la Secretar\u00eda de Finanzas y Administraci\u00f3n del Gobierno de Guerrero, manifest\u00f3 que se espera que el lunes 29 de noviembre, la propuesta de iniciativas de que integran al paquete fiscal del a\u00f1o entrante se entregue a los diputados locales, para que inicie el an\u00e1lisis correspondiente.<br><br>Aunque no abund\u00f3 en detalles, Segura Estrada coment\u00f3 que ya se hizo una presentaci\u00f3n inicial a la gobernadora Evelyn Salgado Pineda, lo que se llev\u00f3 a cabo la jornada del lunes.<br><br>Ahora se est\u00e1 a la espera de las correcciones que la jefa del Ejecutivo local considere pertinentes, para luego buscar la audiencia con el Poder Legislativo.<br><br>\u201cYa estamos listos, vamos a buscar el acercamiento con los diputados para que lo conozcan con antelaci\u00f3n a la presentaci\u00f3n\u201d, dijo en referencia a los integrantes de la Jucopo.<br><br>Despu\u00e9s de que los coordinadores de fracci\u00f3n y representantes de partido inicien el procedimiento formal, se esperar\u00e1 a que el proyecto se turne a comisiones para el an\u00e1lisis correspondiente y luego ser\u00e1 sancionado por el Pleno.<\/p>\n","protected":false},"excerpt":{"rendered":"<p>&#8211; Ya fue presentado a la gobernadora del estado, se esperan solo algunos detalles Rogelio Agust\u00edn La Secretar\u00eda de Finanzas del Gobierno de Guerrero ya tiene listo el paquete fiscal&hellip; <\/p>\n","protected":false},"author":1,"featured_media":38175,"comment_status":"open","ping_status":"open","sticky":false,"template":"","format":"standard","meta":{"fifu_image_url":"","fifu_image_alt":"","footnotes":""},"categories":[11],"tags":[],"class_list":["post-38180","post","type-post","status-publish","format-standard","has-post-thumbnail","hentry","category-guerrero"],"_links":{"self":[{"href":"https:\/\/www.interaccionnoticias.com.mx\/index.php?rest_route=\/wp\/v2\/posts\/38180","targetHints":{"allow":["GET"]}}],"collection":[{"href":"https:\/\/www.interaccionnoticias.com.mx\/index.php?rest_route=\/wp\/v2\/posts"}],"about":[{"href":"https:\/\/www.interaccionnoticias.com.mx\/index.php?rest_route=\/wp\/v2\/types\/post"}],"author":[{"embeddable":true,"href":"https:\/\/www.interaccionnoticias.com.mx\/index.php?rest_route=\/wp\/v2\/users\/1"}],"replies":[{"embeddable":true,"href":"https:\/\/www.interaccionnoticias.com.mx\/index.php?rest_route=%2Fwp%2Fv2%2Fcomments&post=38180"}],"version-history":[{"count":0,"href":"https:\/\/www.interaccionnoticias.com.mx\/index.php?rest_route=\/wp\/v2\/posts\/38180\/revisions"}],"wp:featuredmedia":[{"embeddable":true,"href":"https:\/\/www.interaccionnoticias.com.mx\/index.php?rest_route=\/wp\/v2\/media\/38175"}],"wp:attachment":[{"href":"https:\/\/www.interaccionnoticias.com.mx\/index.php?rest_route=%2Fwp%2Fv2%2Fmedia&parent=38180"}],"wp:term":[{"taxonomy":"category","embeddable":true,"href":"https:\/\/www.interaccionnoticias.com.mx\/index.php?rest_route=%2Fwp%2Fv2%2Fcategories&post=38180"},{"taxonomy":"post_tag","embeddable":true,"href":"https:\/\/www.interaccionnoticias.com.mx\/index.php?rest_route=%2Fwp%2Fv2%2Ftags&post=38180"}],"curies":[{"name":"wp","href":"https:\/\/api.w.org\/{rel}","templated":true}]}}