{"id":38173,"date":"2021-11-23T17:31:43","date_gmt":"2021-11-23T23:31:43","guid":{"rendered":"http:\/\/www.inter-accion.com.mx\/?p=38173"},"modified":"2021-11-23T17:31:43","modified_gmt":"2021-11-23T23:31:43","slug":"38173","status":"publish","type":"post","link":"https:\/\/www.interaccionnoticias.com.mx\/?p=38173","title":{"rendered":"Problema de la inseguridad no est\u00e1 fuera de control: L\u00f3pez Sollano"},"content":{"rendered":"\n<p><strong><em>&#8211; Pide a los l\u00edderes de la Iglesia que no planteen \u201cescenarios que no existen\u201d<br>&#8211; Reitera negativa al dialogo con los grupos del crimen\u00a0 \u00a0<\/em><\/strong><\/p>\n\n\n\n<p><strong>Rogelio Agust\u00edn<\/strong><\/p>\n\n\n\n<p>\u201cNosotros no admitimos que se nos presenten escenarios que no existen\u201d, dijo el secretario general de Gobierno, Sa\u00fal L\u00f3pez Sollano al referirse al problema de la inseguridad, asunto que sostiene, se atiende con el apoyo de la administraci\u00f3n federal.<\/p>\n\n\n\n<p>En la capital del estado, el responsable de la pol\u00edtica interna en la entidad, se refiri\u00f3 a las declaraciones hechas por dos l\u00edderes de la iglesia cat\u00f3lica, quienes han se\u00f1alado que el tema de la inseguridad parece escaparse del control de las autoridades de Guerrero.<\/p>\n\n\n\n<p>En el inicio de la semana, el arzobispo de Acapulco, Leopoldo Gonz\u00e1lez Gonz\u00e1lez sostuvo que se necesita convocar a un dialogo por la paz en Guerrero, en el que se incluya a los grupos del crimen organizado que se disputan diferentes ciudades.<\/p>\n\n\n\n<p>El lunes, el obispo de Chilpancingo, Salvador Rangel Mendoza reconoci\u00f3 que el problema de la incidencia delictiva es grave, por eso llam\u00f3 a la sociedad a organizarse para tratar de contener los indicadores, que se dispararon en los \u00faltimos d\u00edas.<\/p>\n\n\n\n<p>Ante dichos comentarios, el responsable de la pol\u00edtica interna destac\u00f3: \u201cNo, nosotros no admitimos que se nos presenten escenarios que no existen\u201d.<\/p>\n\n\n\n<p>Indic\u00f3: \u201cS\u00ed, tenemos problemas y hay que reconocerlo, pero siempre vamos a sostener que el dialogo es con la sociedad\u201d.<\/p>\n\n\n\n<p>L\u00f3pez Sollano refiri\u00f3 que el Gobierno de Guerrero no puede colocarse en ning\u00fan momento fuera del marco que establece la ley.<\/p>\n\n\n\n<p>Si se aceptaran las sugerencias de quienes plantean el acercamiento con los grupos delictivos, el funcionario indic\u00f3: \u201cAl colocarnos en esa posici\u00f3n, nosotros no tendr\u00edamos autoridad pol\u00edtica, moral ni legal para exigir el cumplimiento de la ley\u201d.<\/p>\n\n\n\n<p>Sostuvo que las autoridades que representan al Estado tienen muy claro cual es la ruta que se debe seguir, por lo que no habr\u00e1n de eludir a su responsabilidad, tampoco a tener acercamientos con grupos o personas que se ubiquen fuera de la ley.&nbsp;&nbsp;<\/p>\n\n\n\n<p>Dijo que se trabaja en la ruta de la coordinaci\u00f3n con las corporaciones de los tres niveles de gobierno, lo que implica tener el respaldo del Gobierno de la Rep\u00fablica, que encabeza el presidente Andr\u00e9s Manuel L\u00f3pez Obrador.<\/p>\n","protected":false},"excerpt":{"rendered":"<p>&#8211; Pide a los l\u00edderes de la Iglesia que no planteen \u201cescenarios que no existen\u201d&#8211; Reitera negativa al dialogo con los grupos del crimen\u00a0 \u00a0 Rogelio Agust\u00edn \u201cNosotros no admitimos&hellip; <\/p>\n","protected":false},"author":1,"featured_media":38174,"comment_status":"open","ping_status":"open","sticky":false,"template":"","format":"standard","meta":{"fifu_image_url":"","fifu_image_alt":"","footnotes":""},"categories":[11],"tags":[],"class_list":["post-38173","post","type-post","status-publish","format-standard","has-post-thumbnail","hentry","category-guerrero"],"_links":{"self":[{"href":"https:\/\/www.interaccionnoticias.com.mx\/index.php?rest_route=\/wp\/v2\/posts\/38173","targetHints":{"allow":["GET"]}}],"collection":[{"href":"https:\/\/www.interaccionnoticias.com.mx\/index.php?rest_route=\/wp\/v2\/posts"}],"about":[{"href":"https:\/\/www.interaccionnoticias.com.mx\/index.php?rest_route=\/wp\/v2\/types\/post"}],"author":[{"embeddable":true,"href":"https:\/\/www.interaccionnoticias.com.mx\/index.php?rest_route=\/wp\/v2\/users\/1"}],"replies":[{"embeddable":true,"href":"https:\/\/www.interaccionnoticias.com.mx\/index.php?rest_route=%2Fwp%2Fv2%2Fcomments&post=38173"}],"version-history":[{"count":0,"href":"https:\/\/www.interaccionnoticias.com.mx\/index.php?rest_route=\/wp\/v2\/posts\/38173\/revisions"}],"wp:featuredmedia":[{"embeddable":true,"href":"https:\/\/www.interaccionnoticias.com.mx\/index.php?rest_route=\/wp\/v2\/media\/38174"}],"wp:attachment":[{"href":"https:\/\/www.interaccionnoticias.com.mx\/index.php?rest_route=%2Fwp%2Fv2%2Fmedia&parent=38173"}],"wp:term":[{"taxonomy":"category","embeddable":true,"href":"https:\/\/www.interaccionnoticias.com.mx\/index.php?rest_route=%2Fwp%2Fv2%2Fcategories&post=38173"},{"taxonomy":"post_tag","embeddable":true,"href":"https:\/\/www.interaccionnoticias.com.mx\/index.php?rest_route=%2Fwp%2Fv2%2Ftags&post=38173"}],"curies":[{"name":"wp","href":"https:\/\/api.w.org\/{rel}","templated":true}]}}