{"id":38169,"date":"2021-11-23T13:20:18","date_gmt":"2021-11-23T19:20:18","guid":{"rendered":"http:\/\/www.inter-accion.com.mx\/?p=38169"},"modified":"2021-11-23T13:20:18","modified_gmt":"2021-11-23T19:20:18","slug":"38169","status":"publish","type":"post","link":"https:\/\/www.interaccionnoticias.com.mx\/?p=38169","title":{"rendered":"Dejan colgado el cad\u00e1ver de un hombre en la Autopista del Sol"},"content":{"rendered":"\n<p><strong>Jes\u00fas Dorantes<\/strong><\/p>\n\n\n\n<p>La polic\u00eda ministerial localiz\u00f3 el cad\u00e1ver de un hombre colgado del cuello a la rama de un \u00e1rbol, al lado de los carriles sur-norte de la Autopista del Sol, a la altura del municipio de Eduardo Neri.<\/p>\n\n\n\n<p>El hallazgo se registr\u00f3 poco antes de las 11:00 horas del este martes, cuando automovilistas dieron parte del avistamiento de un cad\u00e1ver que se encontraba colgado de la rama de un \u00e1rbol.<\/p>\n\n\n\n<p>Al lugar llegaron elementos de la Polic\u00eda Investigadora Ministerial (PIM) que se dieron a la tarea de supervisar la zona en que se registr\u00f3 el reporte.<\/p>\n\n\n\n<p>Efectivamente, a poca distancia, entre los \u00e1rboles que hay a la orilla de la carretera localizaron el cuerpo sin vida, que correspond\u00eda a un var\u00f3n de complexi\u00f3n media, mismo que estaba amarrado del cuello a la rama de un \u00e1rbol y tambi\u00e9n ten\u00eda sujetas las manos hacia el frente.<\/p>\n\n\n\n<p>Al punto arrib\u00f3 personal del Servicio M\u00e9dico Forense (Semefo), que se llevaron el cad\u00e1ver a sus instalaciones, para realizarle la necropsia de ley.<\/p>\n","protected":false},"excerpt":{"rendered":"<p>Jes\u00fas Dorantes La polic\u00eda ministerial localiz\u00f3 el cad\u00e1ver de un hombre colgado del cuello a la rama de un \u00e1rbol, al lado de los carriles sur-norte de la Autopista del&hellip; <\/p>\n","protected":false},"author":1,"featured_media":38161,"comment_status":"open","ping_status":"open","sticky":false,"template":"","format":"standard","meta":{"fifu_image_url":"","fifu_image_alt":"","footnotes":""},"categories":[27],"tags":[],"class_list":["post-38169","post","type-post","status-publish","format-standard","has-post-thumbnail","hentry","category-seguridad-publica"],"_links":{"self":[{"href":"https:\/\/www.interaccionnoticias.com.mx\/index.php?rest_route=\/wp\/v2\/posts\/38169","targetHints":{"allow":["GET"]}}],"collection":[{"href":"https:\/\/www.interaccionnoticias.com.mx\/index.php?rest_route=\/wp\/v2\/posts"}],"about":[{"href":"https:\/\/www.interaccionnoticias.com.mx\/index.php?rest_route=\/wp\/v2\/types\/post"}],"author":[{"embeddable":true,"href":"https:\/\/www.interaccionnoticias.com.mx\/index.php?rest_route=\/wp\/v2\/users\/1"}],"replies":[{"embeddable":true,"href":"https:\/\/www.interaccionnoticias.com.mx\/index.php?rest_route=%2Fwp%2Fv2%2Fcomments&post=38169"}],"version-history":[{"count":0,"href":"https:\/\/www.interaccionnoticias.com.mx\/index.php?rest_route=\/wp\/v2\/posts\/38169\/revisions"}],"wp:featuredmedia":[{"embeddable":true,"href":"https:\/\/www.interaccionnoticias.com.mx\/index.php?rest_route=\/wp\/v2\/media\/38161"}],"wp:attachment":[{"href":"https:\/\/www.interaccionnoticias.com.mx\/index.php?rest_route=%2Fwp%2Fv2%2Fmedia&parent=38169"}],"wp:term":[{"taxonomy":"category","embeddable":true,"href":"https:\/\/www.interaccionnoticias.com.mx\/index.php?rest_route=%2Fwp%2Fv2%2Fcategories&post=38169"},{"taxonomy":"post_tag","embeddable":true,"href":"https:\/\/www.interaccionnoticias.com.mx\/index.php?rest_route=%2Fwp%2Fv2%2Ftags&post=38169"}],"curies":[{"name":"wp","href":"https:\/\/api.w.org\/{rel}","templated":true}]}}