{"id":38166,"date":"2021-11-23T13:09:33","date_gmt":"2021-11-23T19:09:33","guid":{"rendered":"http:\/\/www.inter-accion.com.mx\/?p=38166"},"modified":"2021-11-23T13:09:33","modified_gmt":"2021-11-23T19:09:33","slug":"38166","status":"publish","type":"post","link":"https:\/\/www.interaccionnoticias.com.mx\/?p=38166","title":{"rendered":"Trabajadores bloquean calles y cierran oficinas de Sagadegro, con su titular adentro"},"content":{"rendered":"\n<p><strong>&#8211; Denuncian despidos injustificados y adeudo de pagos quincenales<\/strong><\/p>\n\n\n\n<p><strong>Rogelio Agust\u00edn<\/strong><\/p>\n\n\n\n<p>Trabajadores despedidos de la Secretar\u00eda de Agricultura, Ganader\u00eda y Desarrollo Rural del Estado de Guerrero (Sagadegro) bloquearon calles y mantienen retenido al titular de la dependencia, Jorge Peto Calder\u00f3n reclamando su reinstalaci\u00f3n inmediata y el pago de salarios pendientes.<\/p>\n\n\n\n<p>La ma\u00f1ana del martes 23 de noviembre, un grupo de trabajadores que fueron despedidos de la Sagadegro en el inicio de la presente administraci\u00f3n, salieron a las calles y tomaron las oficinas centrales de la dependencia, ubicadas en la parte sur de la ciudad.<\/p>\n\n\n\n<p>Los manifestantes refieren que fueron despedidos arbitrariamente, pues ni siquiera se les pag\u00f3 un finiquito como establece la ley.<\/p>\n\n\n\n<p>Adem\u00e1s, se\u00f1alan que hay trabajadores a los que si bien no les han notificado oficialmente la baja, de manera irregular les han detenido sus pagos.<\/p>\n\n\n\n<p>En ambos casos, lo que denuncian es que se est\u00e1n vulnerando sus derechos laborales y por esa raz\u00f3n reclaman la intervenci\u00f3n de la gobernadora Evelyn Salgado Pineda.<\/p>\n\n\n\n<p>Durante la protesta, el titular de la Sagadegro, Jorge Peto Calder\u00f3n qued\u00f3 encerrado en las oficinas, lo que fue utilizado como medida para incrementar la presi\u00f3n.<\/p>\n\n\n\n<p>Los trabajadores mantienen cerrada la lateral sur-norte del bulevar Vicente Guerrero y la avenida Ruffo Figueroa.<\/p>\n","protected":false},"excerpt":{"rendered":"<p>&#8211; Denuncian despidos injustificados y adeudo de pagos quincenales Rogelio Agust\u00edn Trabajadores despedidos de la Secretar\u00eda de Agricultura, Ganader\u00eda y Desarrollo Rural del Estado de Guerrero (Sagadegro) bloquearon calles y&hellip; <\/p>\n","protected":false},"author":1,"featured_media":38163,"comment_status":"open","ping_status":"open","sticky":false,"template":"","format":"standard","meta":{"fifu_image_url":"","fifu_image_alt":"","footnotes":""},"categories":[29],"tags":[],"class_list":["post-38166","post","type-post","status-publish","format-standard","has-post-thumbnail","hentry","category-sociedad"],"_links":{"self":[{"href":"https:\/\/www.interaccionnoticias.com.mx\/index.php?rest_route=\/wp\/v2\/posts\/38166","targetHints":{"allow":["GET"]}}],"collection":[{"href":"https:\/\/www.interaccionnoticias.com.mx\/index.php?rest_route=\/wp\/v2\/posts"}],"about":[{"href":"https:\/\/www.interaccionnoticias.com.mx\/index.php?rest_route=\/wp\/v2\/types\/post"}],"author":[{"embeddable":true,"href":"https:\/\/www.interaccionnoticias.com.mx\/index.php?rest_route=\/wp\/v2\/users\/1"}],"replies":[{"embeddable":true,"href":"https:\/\/www.interaccionnoticias.com.mx\/index.php?rest_route=%2Fwp%2Fv2%2Fcomments&post=38166"}],"version-history":[{"count":0,"href":"https:\/\/www.interaccionnoticias.com.mx\/index.php?rest_route=\/wp\/v2\/posts\/38166\/revisions"}],"wp:featuredmedia":[{"embeddable":true,"href":"https:\/\/www.interaccionnoticias.com.mx\/index.php?rest_route=\/wp\/v2\/media\/38163"}],"wp:attachment":[{"href":"https:\/\/www.interaccionnoticias.com.mx\/index.php?rest_route=%2Fwp%2Fv2%2Fmedia&parent=38166"}],"wp:term":[{"taxonomy":"category","embeddable":true,"href":"https:\/\/www.interaccionnoticias.com.mx\/index.php?rest_route=%2Fwp%2Fv2%2Fcategories&post=38166"},{"taxonomy":"post_tag","embeddable":true,"href":"https:\/\/www.interaccionnoticias.com.mx\/index.php?rest_route=%2Fwp%2Fv2%2Ftags&post=38166"}],"curies":[{"name":"wp","href":"https:\/\/api.w.org\/{rel}","templated":true}]}}