{"id":38117,"date":"2021-11-21T18:20:34","date_gmt":"2021-11-22T00:20:34","guid":{"rendered":"http:\/\/www.inter-accion.com.mx\/?p=38117"},"modified":"2021-11-21T18:20:34","modified_gmt":"2021-11-22T00:20:34","slug":"38117","status":"publish","type":"post","link":"https:\/\/www.interaccionnoticias.com.mx\/?p=38117","title":{"rendered":"Se instala el gobierno municipal de Xalpatlahuac en Cahuatache, la localidad m\u00e1s grande"},"content":{"rendered":"\n<p><strong><em>&#8211; Ante el conflicto que prevalece en la cabecera, por la intervenci\u00f3n de la Polic\u00eda Comunitaria<\/em><\/strong><\/p>\n\n\n\n<p><strong>Rogelio Agust\u00edn<\/strong><\/p>\n\n\n\n<p>A casi un mes de que fuera expulsada de la cabecera por integrantes de la Polic\u00eda Comunitaria, que disolvieron una asamblea ciudadana a balazos, la alcaldesa de Xalpatlahuac, Selene Sotelo Maldonado instal\u00f3 la sede del ayuntamiento en Cahuatache, la comunidad m\u00e1s grande del municipio.<br>La jornada del domingo, Sotelpo Maldonado encabez\u00f3 la instalaci\u00f3n del Gobierno Municipal en dicha localidad, en tanto rinden frutos los trabajos de mediaci\u00f3n que impulsa la Secretar\u00eda General de Gobierno.<br>En Cahuatache, recibi\u00f3 el respaldo del comisario y los delegados que la conforman, pero adem\u00e1s de representantes de colonias de la cabecera y de habitantes de otras comunidades, que le manifestaron su inconformidad, por el trato que ha recibido en las \u00faltimas semanas.<br>La jefa de Cabildo puso en marcha dos programas, uno de car\u00e1cter alimentario y otro denominado \u00ababr\u00edgate\u00bb, que consiste en distribuir cobijas de algod\u00f3n, que se necesitan durante la temporada invernal.<br>Los dirigentes de colonias, de barrios tradicionales y localidades pertenecientes al municipio manifestaron su inconformidad con lo que sucede en la cabecera, por lo que solicitaron a la gobernadora Evelyn Salgado Pineda, incluso al presidente de la Rep\u00fablica, Andr\u00e9s Manuel L\u00f3pez Obrador que act\u00faen conforme a derecho, para que el Gobierno Municipal se pueda reinstalar en la cabecera.<\/p>\n","protected":false},"excerpt":{"rendered":"<p>&#8211; Ante el conflicto que prevalece en la cabecera, por la intervenci\u00f3n de la Polic\u00eda Comunitaria Rogelio Agust\u00edn A casi un mes de que fuera expulsada de la cabecera por&hellip; <\/p>\n","protected":false},"author":1,"featured_media":38118,"comment_status":"open","ping_status":"open","sticky":false,"template":"","format":"standard","meta":{"fifu_image_url":"","fifu_image_alt":"","footnotes":""},"categories":[23],"tags":[],"class_list":["post-38117","post","type-post","status-publish","format-standard","has-post-thumbnail","hentry","category-regionales"],"_links":{"self":[{"href":"https:\/\/www.interaccionnoticias.com.mx\/index.php?rest_route=\/wp\/v2\/posts\/38117","targetHints":{"allow":["GET"]}}],"collection":[{"href":"https:\/\/www.interaccionnoticias.com.mx\/index.php?rest_route=\/wp\/v2\/posts"}],"about":[{"href":"https:\/\/www.interaccionnoticias.com.mx\/index.php?rest_route=\/wp\/v2\/types\/post"}],"author":[{"embeddable":true,"href":"https:\/\/www.interaccionnoticias.com.mx\/index.php?rest_route=\/wp\/v2\/users\/1"}],"replies":[{"embeddable":true,"href":"https:\/\/www.interaccionnoticias.com.mx\/index.php?rest_route=%2Fwp%2Fv2%2Fcomments&post=38117"}],"version-history":[{"count":0,"href":"https:\/\/www.interaccionnoticias.com.mx\/index.php?rest_route=\/wp\/v2\/posts\/38117\/revisions"}],"wp:featuredmedia":[{"embeddable":true,"href":"https:\/\/www.interaccionnoticias.com.mx\/index.php?rest_route=\/wp\/v2\/media\/38118"}],"wp:attachment":[{"href":"https:\/\/www.interaccionnoticias.com.mx\/index.php?rest_route=%2Fwp%2Fv2%2Fmedia&parent=38117"}],"wp:term":[{"taxonomy":"category","embeddable":true,"href":"https:\/\/www.interaccionnoticias.com.mx\/index.php?rest_route=%2Fwp%2Fv2%2Fcategories&post=38117"},{"taxonomy":"post_tag","embeddable":true,"href":"https:\/\/www.interaccionnoticias.com.mx\/index.php?rest_route=%2Fwp%2Fv2%2Ftags&post=38117"}],"curies":[{"name":"wp","href":"https:\/\/api.w.org\/{rel}","templated":true}]}}