{"id":38096,"date":"2021-11-21T11:41:23","date_gmt":"2021-11-21T17:41:23","guid":{"rendered":"http:\/\/www.inter-accion.com.mx\/?p=38096"},"modified":"2021-11-21T11:41:23","modified_gmt":"2021-11-21T17:41:23","slug":"38096","status":"publish","type":"post","link":"https:\/\/www.interaccionnoticias.com.mx\/?p=38096","title":{"rendered":"Se incendian puestos en el mercado central de Chilpancingo"},"content":{"rendered":"\n<p><strong><em>&#8211; Cerca del lugar, una camioneta fue calcinada completamente<\/em><\/strong><\/p>\n\n\n\n<p><strong><strong>Jes\u00fas Dorantes<\/strong><\/strong><\/p>\n\n\n\n<p><strong>Chilpancingo, Gro.-<\/strong> La ma\u00f1ana del domingo se registr\u00f3 un incendio en el mercado municipal Baltazar R. Leyva Mancilla que afect\u00f3 al menos a cinco locales, adem\u00e1s que, a escasos metros fue localizado una camioneta completamente calcinada.<\/p>\n\n\n\n<p>El siniestro se registr\u00f3 aproximadamente a las 06:00 horas, en la zona norte de Chilpancingo, por lo que acudieron elementos de bomberos a sofocar lo que estaba en llamas y evitar que se propagara.<\/p>\n\n\n\n<p>La zona afectada se encuentra sobre la avenida Insurgentes, por lo que el incendio pudo ser controlado antes de que afectara m\u00e1s locales.<\/p>\n\n\n\n<p>Metros m\u00e1s adelante, al mismo tiempo tambi\u00e9n fue incendiada una camioneta sobre la misma avenida, hecho que tambi\u00e9n tambi\u00e9n atendido y sofocado por el personal de bomberos.<br>Hasta el momento se desconocen las causas de ambos hechos.<\/p>\n","protected":false},"excerpt":{"rendered":"<p>&#8211; Cerca del lugar, una camioneta fue calcinada completamente Jes\u00fas Dorantes Chilpancingo, Gro.- La ma\u00f1ana del domingo se registr\u00f3 un incendio en el mercado municipal Baltazar R. Leyva Mancilla que&hellip; <\/p>\n","protected":false},"author":1,"featured_media":38092,"comment_status":"open","ping_status":"open","sticky":false,"template":"","format":"standard","meta":{"fifu_image_url":"","fifu_image_alt":"","footnotes":""},"categories":[27],"tags":[],"class_list":["post-38096","post","type-post","status-publish","format-standard","has-post-thumbnail","hentry","category-seguridad-publica"],"_links":{"self":[{"href":"https:\/\/www.interaccionnoticias.com.mx\/index.php?rest_route=\/wp\/v2\/posts\/38096","targetHints":{"allow":["GET"]}}],"collection":[{"href":"https:\/\/www.interaccionnoticias.com.mx\/index.php?rest_route=\/wp\/v2\/posts"}],"about":[{"href":"https:\/\/www.interaccionnoticias.com.mx\/index.php?rest_route=\/wp\/v2\/types\/post"}],"author":[{"embeddable":true,"href":"https:\/\/www.interaccionnoticias.com.mx\/index.php?rest_route=\/wp\/v2\/users\/1"}],"replies":[{"embeddable":true,"href":"https:\/\/www.interaccionnoticias.com.mx\/index.php?rest_route=%2Fwp%2Fv2%2Fcomments&post=38096"}],"version-history":[{"count":0,"href":"https:\/\/www.interaccionnoticias.com.mx\/index.php?rest_route=\/wp\/v2\/posts\/38096\/revisions"}],"wp:featuredmedia":[{"embeddable":true,"href":"https:\/\/www.interaccionnoticias.com.mx\/index.php?rest_route=\/wp\/v2\/media\/38092"}],"wp:attachment":[{"href":"https:\/\/www.interaccionnoticias.com.mx\/index.php?rest_route=%2Fwp%2Fv2%2Fmedia&parent=38096"}],"wp:term":[{"taxonomy":"category","embeddable":true,"href":"https:\/\/www.interaccionnoticias.com.mx\/index.php?rest_route=%2Fwp%2Fv2%2Fcategories&post=38096"},{"taxonomy":"post_tag","embeddable":true,"href":"https:\/\/www.interaccionnoticias.com.mx\/index.php?rest_route=%2Fwp%2Fv2%2Ftags&post=38096"}],"curies":[{"name":"wp","href":"https:\/\/api.w.org\/{rel}","templated":true}]}}