{"id":38090,"date":"2021-11-21T11:31:41","date_gmt":"2021-11-21T17:31:41","guid":{"rendered":"http:\/\/www.inter-accion.com.mx\/?p=38090"},"modified":"2021-11-21T11:31:41","modified_gmt":"2021-11-21T17:31:41","slug":"38090","status":"publish","type":"post","link":"https:\/\/www.interaccionnoticias.com.mx\/?p=38090","title":{"rendered":"Localizan con vida a Kenia \u00abN\u00bb en Morelos"},"content":{"rendered":"\n<p><strong>Jes\u00fas Dorantes<\/strong><\/p>\n\n\n\n<p><strong>Chilpancingo, Gro.-<\/strong> La joven Kenia \u00abN\u00bb, quien estaba reportada como desaparecida desde el 17 de noviembre fue localizada con vida en el estado de Morelos, la Fiscal\u00eda General del Estado (FGE) inform\u00f3 que ya fue trasladada a Chilpancingo, donde se reencontr\u00f3 con su familia.<\/p>\n\n\n\n<p>La ma\u00f1ana del domingo fue emitido un comunicado oficial en el que se detall\u00f3 que se trabaj\u00f3 en conjunto con la Unidad Contra el Secuestro del Estado de Morelos, as\u00ed como agentes ministeriales del Estado para lograr la localizaci\u00f3n de la joven.<\/p>\n\n\n\n<p>En el comunicado se inform\u00f3 que Kenia se encuentra en buen estado de salud y fue trasladada del Estado vecino a la capital guerrerense y entregada a sus familiares.<\/p>\n\n\n\n<p>El pasado viernes 19 de noviembre, familiares y amigos de Kenia marcharon en Chilpancingo desde la alameda Francisco Granados Maldonado hasta las instalaciones de la Fiscal\u00eda para solicitar se atendiera la denuncia de su desaparici\u00f3n y se agilizar\u00e1 la investigaci\u00f3n.<\/p>\n","protected":false},"excerpt":{"rendered":"<p>Jes\u00fas Dorantes Chilpancingo, Gro.- La joven Kenia \u00abN\u00bb, quien estaba reportada como desaparecida desde el 17 de noviembre fue localizada con vida en el estado de Morelos, la Fiscal\u00eda General&hellip; <\/p>\n","protected":false},"author":1,"featured_media":38091,"comment_status":"open","ping_status":"open","sticky":false,"template":"","format":"standard","meta":{"fifu_image_url":"","fifu_image_alt":"","footnotes":""},"categories":[27],"tags":[],"class_list":["post-38090","post","type-post","status-publish","format-standard","has-post-thumbnail","hentry","category-seguridad-publica"],"_links":{"self":[{"href":"https:\/\/www.interaccionnoticias.com.mx\/index.php?rest_route=\/wp\/v2\/posts\/38090","targetHints":{"allow":["GET"]}}],"collection":[{"href":"https:\/\/www.interaccionnoticias.com.mx\/index.php?rest_route=\/wp\/v2\/posts"}],"about":[{"href":"https:\/\/www.interaccionnoticias.com.mx\/index.php?rest_route=\/wp\/v2\/types\/post"}],"author":[{"embeddable":true,"href":"https:\/\/www.interaccionnoticias.com.mx\/index.php?rest_route=\/wp\/v2\/users\/1"}],"replies":[{"embeddable":true,"href":"https:\/\/www.interaccionnoticias.com.mx\/index.php?rest_route=%2Fwp%2Fv2%2Fcomments&post=38090"}],"version-history":[{"count":0,"href":"https:\/\/www.interaccionnoticias.com.mx\/index.php?rest_route=\/wp\/v2\/posts\/38090\/revisions"}],"wp:featuredmedia":[{"embeddable":true,"href":"https:\/\/www.interaccionnoticias.com.mx\/index.php?rest_route=\/wp\/v2\/media\/38091"}],"wp:attachment":[{"href":"https:\/\/www.interaccionnoticias.com.mx\/index.php?rest_route=%2Fwp%2Fv2%2Fmedia&parent=38090"}],"wp:term":[{"taxonomy":"category","embeddable":true,"href":"https:\/\/www.interaccionnoticias.com.mx\/index.php?rest_route=%2Fwp%2Fv2%2Fcategories&post=38090"},{"taxonomy":"post_tag","embeddable":true,"href":"https:\/\/www.interaccionnoticias.com.mx\/index.php?rest_route=%2Fwp%2Fv2%2Ftags&post=38090"}],"curies":[{"name":"wp","href":"https:\/\/api.w.org\/{rel}","templated":true}]}}