{"id":38082,"date":"2021-11-18T18:39:00","date_gmt":"2021-11-19T00:39:00","guid":{"rendered":"http:\/\/www.inter-accion.com.mx\/?p=38082"},"modified":"2021-11-18T18:39:00","modified_gmt":"2021-11-19T00:39:00","slug":"38082","status":"publish","type":"post","link":"https:\/\/www.interaccionnoticias.com.mx\/?p=38082","title":{"rendered":"Se registra el ex fiscal Miguel \u00c1ngel God\u00ednez Mu\u00f1oz como aspirante a la Fiscal\u00eda General del Estado"},"content":{"rendered":"\n<p><strong>Rosario Garc\u00eda Orozco<\/strong><\/p>\n\n\n\n<p><strong>Chilpancingo, Gro., 18 de noviembre del 2021.- <\/strong>El ex fiscal Miguel \u00c1ngel Godinez Mu\u00f1oz se registr\u00f3 ante el Congreso Local, como aspirante a ocupar el cargo de Fiscal General del Estado.<\/p>\n\n\n\n<p>El ex funcionario estatal se dijo comprometido como guerrerense servir a la sociedad, poniendo toda su experiencia, adquirida a lo largo de su trayectoria, al servicio del pueblo.<\/p>\n\n\n\n<p>\u201cGuerrero hoy tiene la oportunidad de un cambio, hay un caos en el tema de seguridad y justicia y se requiere eficientar la pol\u00edtica de combate al crimen, para que sea un referente a nivel nacional\u201d, expres\u00f3.<\/p>\n\n\n\n<p>Para ello, explic\u00f3 que se debe trabajar en cuatro ejes principales como la prevenci\u00f3n, la investigaci\u00f3n, la sanci\u00f3n y la reinserci\u00f3n, \u201csi se avanza en una pol\u00edtica criminal eficiente se har\u00e1 un buen trabajo, que es lo que demanda la sociedad, ante el alto \u00edndice de inseguridad e impunidad\u201d.<\/p>\n\n\n\n<p>Del mismo modo, God\u00ednez Mu\u00f1oz patentiz\u00f3 su respaldo al gobierno de la gobernadora Evelyn Salgado Pineda, y explic\u00f3 que a\u00fan cuando la Fiscal\u00eda General de Justicia del Estado es un organismo aut\u00f3nomo del ejecutivo, es destacable el compromiso que hizo de brindar todo su respaldo para que Guerrero se convierta en un referente de justicia a nivel nacional.<\/p>\n\n\n\n<p>Reconoci\u00f3 que hace falta promover la denuncia ciudadana, y que los Ministerios P\u00fablicos vayan y busquen la denuncia, y sobre todo trabajar en la atenci\u00f3n de los pueblos ind\u00edgenas, con respeto a sus usos y costumbres, para que haya un orden basado en una pol\u00edtica criminal de primer nivel.<\/p>\n\n\n\n<p>El ex fiscal mencion\u00f3 que desde el periodo en que tuvo la responsabilidad de esa dependencia s\u00ed se aplicaron algunas de esas estrategias, tan esa as\u00ed que fue reconocido a nivel internacional por la ONU.<\/p>\n\n\n\n<p>Tambi\u00e9n asegur\u00f3 que le asiste el derecho de aspirar a repetir en ese cargo, como cualquier abogado que tenga la intenci\u00f3n y experiencia para ocupar la vacante que dej\u00f3 Jorge Zuriel de los Santos Barrila, a partir del 15 de noviembre pasado.<\/p>\n\n\n\n<p>El aspirante a fiscal dijo no tener miedo de volver a desempe\u00f1ar el cargo, porque quiere que sus hijos vivan bien en el estado, y sostuvo que tiene la capacidad para resolver los problemas que existen en la entidad y hacer las alianzas necesarias con organismos internacionales, embajadas y las directrices de pacificaci\u00f3n y combate a la corrupci\u00f3n.<\/p>\n\n\n\n<p>Se trata del cuarto aspirante que hasta el momento se ha registrado para ocupar el cargo de Fiscal General del Estado.<\/p>\n","protected":false},"excerpt":{"rendered":"<p>Rosario Garc\u00eda Orozco Chilpancingo, Gro., 18 de noviembre del 2021.- El ex fiscal Miguel \u00c1ngel Godinez Mu\u00f1oz se registr\u00f3 ante el Congreso Local, como aspirante a ocupar el cargo de&hellip; <\/p>\n","protected":false},"author":1,"featured_media":38070,"comment_status":"open","ping_status":"open","sticky":false,"template":"","format":"standard","meta":{"fifu_image_url":"","fifu_image_alt":"","footnotes":""},"categories":[2],"tags":[],"class_list":["post-38082","post","type-post","status-publish","format-standard","has-post-thumbnail","hentry","category-congreso"],"_links":{"self":[{"href":"https:\/\/www.interaccionnoticias.com.mx\/index.php?rest_route=\/wp\/v2\/posts\/38082","targetHints":{"allow":["GET"]}}],"collection":[{"href":"https:\/\/www.interaccionnoticias.com.mx\/index.php?rest_route=\/wp\/v2\/posts"}],"about":[{"href":"https:\/\/www.interaccionnoticias.com.mx\/index.php?rest_route=\/wp\/v2\/types\/post"}],"author":[{"embeddable":true,"href":"https:\/\/www.interaccionnoticias.com.mx\/index.php?rest_route=\/wp\/v2\/users\/1"}],"replies":[{"embeddable":true,"href":"https:\/\/www.interaccionnoticias.com.mx\/index.php?rest_route=%2Fwp%2Fv2%2Fcomments&post=38082"}],"version-history":[{"count":0,"href":"https:\/\/www.interaccionnoticias.com.mx\/index.php?rest_route=\/wp\/v2\/posts\/38082\/revisions"}],"wp:featuredmedia":[{"embeddable":true,"href":"https:\/\/www.interaccionnoticias.com.mx\/index.php?rest_route=\/wp\/v2\/media\/38070"}],"wp:attachment":[{"href":"https:\/\/www.interaccionnoticias.com.mx\/index.php?rest_route=%2Fwp%2Fv2%2Fmedia&parent=38082"}],"wp:term":[{"taxonomy":"category","embeddable":true,"href":"https:\/\/www.interaccionnoticias.com.mx\/index.php?rest_route=%2Fwp%2Fv2%2Fcategories&post=38082"},{"taxonomy":"post_tag","embeddable":true,"href":"https:\/\/www.interaccionnoticias.com.mx\/index.php?rest_route=%2Fwp%2Fv2%2Ftags&post=38082"}],"curies":[{"name":"wp","href":"https:\/\/api.w.org\/{rel}","templated":true}]}}