{"id":38078,"date":"2021-11-18T17:35:00","date_gmt":"2021-11-18T23:35:00","guid":{"rendered":"http:\/\/www.inter-accion.com.mx\/?p=38078"},"modified":"2021-11-18T17:35:00","modified_gmt":"2021-11-18T23:35:00","slug":"38078","status":"publish","type":"post","link":"https:\/\/www.interaccionnoticias.com.mx\/?p=38078","title":{"rendered":"Cuauht\u00e9moc Ney demuestra su afiliaci\u00f3n a Morena, defiende que es fundador del partido"},"content":{"rendered":"\n<p><strong><em>&#8211; Sobre F\u00e9lix Salgado: \u00abcompartimos ideales y por eso lo he apoyado, eso no es un delito\u00bb sostuvo<\/em><\/strong><\/p>\n\n\n\n<p><strong>Vianey Ponce<\/strong><\/p>\n\n\n\n<p>El delegado con funciones de presidente del Comit\u00e9 Ejecutivo Estatal (CEE) de Morena, Rafael Cuauht\u00e9moc Ney Catal\u00e1n reconoci\u00f3 su cercan\u00eda con el senador F\u00e9lix Salgado Macedonio, lo cual aclar\u00f3, no representa Ning\u00fan delito ni impedimento para ejercer su funci\u00f3n como dirigente, pues manifest\u00f3 que aunque comparte ideales con \u00e9l, tiene \u00abindependencia y voz propia\u00bb.<\/p>\n\n\n\n<p>Tambi\u00e9n mostr\u00f3 a los medios la credencial que acredita su afiliaci\u00f3n al partido y subray\u00f3 que sus trabajos a favor del presidente de la Rep\u00fablica, Andr\u00e9s Manuel L\u00f3pez Obrador se remontan desde el 2004, cuando se promov\u00eda el desafuero en su contra, adem\u00e1s sostiene que fue fundador de Morena en el estado.<\/p>\n\n\n\n<p>Lo anterior lo manifest\u00f3 en respuesta a los se\u00f1alamientos que se desprendieron en el Consejo Estatal a partir de su designaci\u00f3n como dirigente estatal por parte del Comit\u00e9 Ejecutivo Nacional (CEN), el 8 de noviembre.<\/p>\n\n\n\n<p>Cuauht\u00e9moc Ney ofreci\u00f3 una conferencia de prensa en las oficinas del CEE en la capital del estado, en la que dio a conocer la agenda estatal, as\u00ed como la suspensi\u00f3n nuevamente del proceso de filiaci\u00f3n a Morena.<\/p>\n\n\n\n<p>En el encuentro con medios de comunicaci\u00f3n, respondi\u00f3 los cuestionamientos que existen en torno a los se\u00f1alamientos por parte del presidente del Consejo Estatal, Luis Enrique R\u00edos Saucedo y otros consejeros respecto a su cercan\u00eda con el senador F\u00e9lix Salgado Macedonio, as\u00ed como la nula participaci\u00f3n en Morena antes de la candidatura a la gubernatura del senador.<\/p>\n\n\n\n<p>Al respecto, el delegado con funciones de presidente sostuvo que es militante del Morena, para demostrarlo sac\u00f3 de su cartera la credencial de su afiliaci\u00f3n y la exhibi\u00f3.<\/p>\n\n\n\n<p>Tambi\u00e9n aclar\u00f3 que es fundador del partido en Guerrero y asegur\u00f3 que quienes est\u00e1n en Morena desde sus inicios lo conocen.<\/p>\n\n\n\n<p>Sobre su relaci\u00f3n con el senador F\u00e9lix Salgado Macedonio sostuvo: \u00abApoyo a F\u00e9lix porque siempre ha sido un luchador social y referente de la izquierda, el \u00fanico l\u00edder grande que ha permanecido\u00bb.<\/p>\n\n\n\n<p>Agreg\u00f3: \u00abcomo compartimos ideales, por eso hemos caminado junto con \u00e9l (Salgado Macedonio) pero tengo independencia, tengo voz propia, no es ning\u00fan delito ni creo que sea malo ni criticable\u00bb.<\/p>\n\n\n\n<p>En la conferencia de prensa estuvo acompa\u00f1ado por los consejeros Jorge Luis Rend\u00f3n, quien adem\u00e1s es secretario de finanzas del CEE; Jonathan Marqu\u00e9s y Bulmaro Mu\u00f1iz Olmedo, tambi\u00e9n secretario de formaci\u00f3n pol\u00edtica.<\/p>\n","protected":false},"excerpt":{"rendered":"<p>&#8211; Sobre F\u00e9lix Salgado: \u00abcompartimos ideales y por eso lo he apoyado, eso no es un delito\u00bb sostuvo Vianey Ponce El delegado con funciones de presidente del Comit\u00e9 Ejecutivo Estatal&hellip; <\/p>\n","protected":false},"author":1,"featured_media":38068,"comment_status":"open","ping_status":"open","sticky":false,"template":"","format":"standard","meta":{"fifu_image_url":"","fifu_image_alt":"","footnotes":""},"categories":[18],"tags":[],"class_list":["post-38078","post","type-post","status-publish","format-standard","has-post-thumbnail","hentry","category-partidos-politicos"],"_links":{"self":[{"href":"https:\/\/www.interaccionnoticias.com.mx\/index.php?rest_route=\/wp\/v2\/posts\/38078","targetHints":{"allow":["GET"]}}],"collection":[{"href":"https:\/\/www.interaccionnoticias.com.mx\/index.php?rest_route=\/wp\/v2\/posts"}],"about":[{"href":"https:\/\/www.interaccionnoticias.com.mx\/index.php?rest_route=\/wp\/v2\/types\/post"}],"author":[{"embeddable":true,"href":"https:\/\/www.interaccionnoticias.com.mx\/index.php?rest_route=\/wp\/v2\/users\/1"}],"replies":[{"embeddable":true,"href":"https:\/\/www.interaccionnoticias.com.mx\/index.php?rest_route=%2Fwp%2Fv2%2Fcomments&post=38078"}],"version-history":[{"count":0,"href":"https:\/\/www.interaccionnoticias.com.mx\/index.php?rest_route=\/wp\/v2\/posts\/38078\/revisions"}],"wp:featuredmedia":[{"embeddable":true,"href":"https:\/\/www.interaccionnoticias.com.mx\/index.php?rest_route=\/wp\/v2\/media\/38068"}],"wp:attachment":[{"href":"https:\/\/www.interaccionnoticias.com.mx\/index.php?rest_route=%2Fwp%2Fv2%2Fmedia&parent=38078"}],"wp:term":[{"taxonomy":"category","embeddable":true,"href":"https:\/\/www.interaccionnoticias.com.mx\/index.php?rest_route=%2Fwp%2Fv2%2Fcategories&post=38078"},{"taxonomy":"post_tag","embeddable":true,"href":"https:\/\/www.interaccionnoticias.com.mx\/index.php?rest_route=%2Fwp%2Fv2%2Ftags&post=38078"}],"curies":[{"name":"wp","href":"https:\/\/api.w.org\/{rel}","templated":true}]}}