{"id":38054,"date":"2021-11-18T15:44:48","date_gmt":"2021-11-18T21:44:48","guid":{"rendered":"http:\/\/www.inter-accion.com.mx\/?p=38054"},"modified":"2024-03-21T21:53:50","modified_gmt":"2024-03-22T03:53:50","slug":"38054","status":"publish","type":"post","link":"https:\/\/www.interaccionnoticias.com.mx\/?p=38054","title":{"rendered":"Liberan la Autopista del Sol, tras cuatro horas de bloqueo"},"content":{"rendered":"\n<p><strong><em>&#8211; Policias Comunitarios resguardaron la protesta<\/em><\/strong><\/p>\n\n\n\n<p><strong>Jes\u00fas Dorantes<\/strong><\/p>\n\n\n\n<p><strong>Chilpancingo,Gro.-<\/strong> Durante m\u00e1s de cuatro horas, habitantes de municipios ubi ados e la Monta\u00f1a Baja, regi\u00f3n Centro y Costa Chica, mantuvieron cerrada la circulaci\u00f3n vehiculae en la Autopista del Sol, en la salida sur de Chilpancingo.<\/p>\n\n\n\n<p>Antes de las 15:00 horas de la jornada del jueves, cientos de pobladores de los municipios de Quechultenango, Atlixtac, Acarepec, Mochitl\u00e1n y Chilapa comenzaron a abordar los veh\u00edculos en los que hab\u00edan llegado al punto conocido como El Parador del Marqu\u00e9s.<\/p>\n\n\n\n<p>Los inconformes hab\u00edan arribado desde las 10:00 horas a la capital del estado, para exigir el t\u00e9rmino de varias obras, entre ellas algunas carreteras, la entrega de proyectos productivos, profesores para escuelas y fertilizante.<\/p>\n\n\n\n<p>Durante la protesta se liberaron por espacio de algunos minutos dos de cuateo carriles, lo que permiti\u00f3 desahogar parte de los veh\u00edculos que se encontraban varados en la zona.<\/p>\n\n\n\n<p>Esto, luego de que existieran intercambios de palabras y fricciones entre los conductores y los manifestantes, qu\u00e9 fueron acompa\u00f1ados y resguardados por elementos de las polic\u00edas comunitarias de sus municipios, quienes portaban palos y algunos cargaban piedras en sus manos.<\/p>\n\n\n\n<p>Hasta el momento no se ha confirmado si las autoridades del estado lograron llegar a un acuerdo con los inconformes, aunque s\u00ed se supo de una reuni\u00f3n en la Comisi\u00f3n de Infraestructura Carretera y Aeroportuaria.<\/p>\n","protected":false},"excerpt":{"rendered":"<p>&#8211; Policias Comunitarios resguardaron la protesta Jes\u00fas Dorantes Chilpancingo,Gro.- Durante m\u00e1s de cuatro horas, habitantes de municipios ubi ados e la Monta\u00f1a Baja, regi\u00f3n Centro y Costa Chica, mantuvieron cerrada&hellip; <\/p>\n","protected":false},"author":8,"featured_media":38055,"comment_status":"open","ping_status":"open","sticky":false,"template":"","format":"standard","meta":{"fifu_image_url":"","fifu_image_alt":"","footnotes":""},"categories":[15],"tags":[],"class_list":["post-38054","post","type-post","status-publish","format-standard","has-post-thumbnail","hentry","category-movimientos-sociales"],"_links":{"self":[{"href":"https:\/\/www.interaccionnoticias.com.mx\/index.php?rest_route=\/wp\/v2\/posts\/38054","targetHints":{"allow":["GET"]}}],"collection":[{"href":"https:\/\/www.interaccionnoticias.com.mx\/index.php?rest_route=\/wp\/v2\/posts"}],"about":[{"href":"https:\/\/www.interaccionnoticias.com.mx\/index.php?rest_route=\/wp\/v2\/types\/post"}],"author":[{"embeddable":true,"href":"https:\/\/www.interaccionnoticias.com.mx\/index.php?rest_route=\/wp\/v2\/users\/8"}],"replies":[{"embeddable":true,"href":"https:\/\/www.interaccionnoticias.com.mx\/index.php?rest_route=%2Fwp%2Fv2%2Fcomments&post=38054"}],"version-history":[{"count":1,"href":"https:\/\/www.interaccionnoticias.com.mx\/index.php?rest_route=\/wp\/v2\/posts\/38054\/revisions"}],"predecessor-version":[{"id":75531,"href":"https:\/\/www.interaccionnoticias.com.mx\/index.php?rest_route=\/wp\/v2\/posts\/38054\/revisions\/75531"}],"wp:featuredmedia":[{"embeddable":true,"href":"https:\/\/www.interaccionnoticias.com.mx\/index.php?rest_route=\/wp\/v2\/media\/38055"}],"wp:attachment":[{"href":"https:\/\/www.interaccionnoticias.com.mx\/index.php?rest_route=%2Fwp%2Fv2%2Fmedia&parent=38054"}],"wp:term":[{"taxonomy":"category","embeddable":true,"href":"https:\/\/www.interaccionnoticias.com.mx\/index.php?rest_route=%2Fwp%2Fv2%2Fcategories&post=38054"},{"taxonomy":"post_tag","embeddable":true,"href":"https:\/\/www.interaccionnoticias.com.mx\/index.php?rest_route=%2Fwp%2Fv2%2Ftags&post=38054"}],"curies":[{"name":"wp","href":"https:\/\/api.w.org\/{rel}","templated":true}]}}